{"id":37929,"date":"2022-02-22T17:04:58","date_gmt":"2022-02-22T23:04:58","guid":{"rendered":"https:\/\/www.zonaroja.com.mx\/?p=37929"},"modified":"2022-02-22T17:04:59","modified_gmt":"2022-02-22T23:04:59","slug":"crece-exigencia-de-respeto-a-la-autonomia-de-la-uabjo-ante-relevo-de-rector","status":"publish","type":"post","link":"https:\/\/zonaroja.com.mx\/?p=37929","title":{"rendered":"Crece exigencia de respeto a la autonom\u00eda de la UABJO, ante relevo de rector"},"content":{"rendered":"\n<p>Yuridiana Sosa\/Zona Roja.<\/p>\n\n\n\n<p>Oaxaca de Ju\u00e1rez,Oax. 22 de febrero de 2022.- La defensa por la autonom\u00eda de la Universidad Aut\u00f3noma \u201cBenito Ju\u00e1rez\u201d de Oaxaca contin\u00faa, en el pre\u00e1mbulo de la renovaci\u00f3n de la rector\u00eda, proceso el que acusan intromisi\u00f3n gubernamental para la imposici\u00f3n del nuevo rector o rectora.<\/p>\n\n\n\n<p>La UABJO  \u201catraviesa una de las m\u00e1s severas crisis pol\u00edticas y econ\u00f3micas de los \u00faltimos tiempos\u201d reconocieron en un posicionamiento el ex rector de la universidad, Abraham Mart\u00ednez Alavez; el secretario general del Sindicato Universitario de Maestros (SUMA), Reynel V\u00e1squez Z\u00e1rate.<\/p>\n\n\n\n<p>Tambi\u00e9n la Direcci\u00f3n de la Facultad de Contadur\u00eda y Administraci\u00f3n; el director de la escuela de Sistemas Biol\u00f3gicos e Innovaci\u00f3n Tecnol\u00f3gica, Jos\u00e9 Luis Cano P\u00e9rez; el director de Redes ,Telecomunicaciones e Inform\u00e1tica, Abraham Mart\u00ednez Helmes, y el profesor H\u00e9ctor Aguilar Aguilar.<\/p>\n\n\n\n<p>Las ex autoridades acad\u00e9micas, as\u00ed como representantes de escuelas y sindicatos, exigieron respeto a la autonom\u00eda y a la libre determinaci\u00f3n, por lo que demandan el cese de toda intervenci\u00f3n extrauniversitaria en la vida interna.<\/p>\n\n\n\n<p>Desde sus trincheras, apuntaron, ven con preocupaci\u00f3n que los universitarios se coluden con intereses extrauniversitarios y pretende impactar la designaci\u00f3n de un rector que no representa los intereses de la comunidad universitaria.<\/p>\n\n\n\n<p>Los firmantes del documento dirigido al Secretar\u00eda de Educaci\u00f3n P\u00fablica (SEP), al Presidente de M\u00e9xico, Andr\u00e9s Manuel L\u00f3pez Obrador, y al gobernador, Alejandro Murat, recordaron que la UABJO representa una tentaci\u00f3n para el poder pol\u00edtico estatal.<\/p>\n\n\n\n<p>Sin embargo, es en este espacio donde se genera al mismo tiempo un pensamiento cr\u00edtico de contrapeso pol\u00edtico.<\/p>\n\n\n\n<p>Ante esas circunstancias, apuntaron, se pronuncian por el irrestricto y el respeto a la Ley Org\u00e1nica de la Universidad, as\u00ed como por el respeto de los derecho como universitarios a designar a sus autoridades sin presiones externas y sin que se viole el estado de derecho con el pretexto de un reordenamiento al interior de la universidad .<\/p>\n","protected":false},"excerpt":{"rendered":"<p>Yuridiana Sosa\/Zona Roja. Oaxaca de Ju\u00e1rez,Oax. 22 de febrero de 2022.- La defensa por la&hellip;<\/p>\n","protected":false},"author":2,"featured_media":37922,"comment_status":"closed","ping_status":"open","sticky":false,"template":"","format":"standard","meta":{"_lmt_disableupdate":"","_lmt_disable":"","_jetpack_memberships_contains_paid_content":false,"footnotes":""},"categories":[109,46],"tags":[],"class_list":["post-37929","post","type-post","status-publish","format-standard","has-post-thumbnail","hentry","category-minuto-a-minuto","category-zona-blanca"],"jetpack_featured_media_url":"https:\/\/zonaroja.com.mx\/wp-content\/uploads\/2022\/02\/Desplegado-UABJO-eleccion-rector-rechazo.jpg","jetpack_sharing_enabled":true,"_links":{"self":[{"href":"https:\/\/zonaroja.com.mx\/index.php?rest_route=\/wp\/v2\/posts\/37929","targetHints":{"allow":["GET"]}}],"collection":[{"href":"https:\/\/zonaroja.com.mx\/index.php?rest_route=\/wp\/v2\/posts"}],"about":[{"href":"https:\/\/zonaroja.com.mx\/index.php?rest_route=\/wp\/v2\/types\/post"}],"author":[{"embeddable":true,"href":"https:\/\/zonaroja.com.mx\/index.php?rest_route=\/wp\/v2\/users\/2"}],"replies":[{"embeddable":true,"href":"https:\/\/zonaroja.com.mx\/index.php?rest_route=%2Fwp%2Fv2%2Fcomments&post=37929"}],"version-history":[{"count":1,"href":"https:\/\/zonaroja.com.mx\/index.php?rest_route=\/wp\/v2\/posts\/37929\/revisions"}],"predecessor-version":[{"id":37930,"href":"https:\/\/zonaroja.com.mx\/index.php?rest_route=\/wp\/v2\/posts\/37929\/revisions\/37930"}],"wp:featuredmedia":[{"embeddable":true,"href":"https:\/\/zonaroja.com.mx\/index.php?rest_route=\/wp\/v2\/media\/37922"}],"wp:attachment":[{"href":"https:\/\/zonaroja.com.mx\/index.php?rest_route=%2Fwp%2Fv2%2Fmedia&parent=37929"}],"wp:term":[{"taxonomy":"category","embeddable":true,"href":"https:\/\/zonaroja.com.mx\/index.php?rest_route=%2Fwp%2Fv2%2Fcategories&post=37929"},{"taxonomy":"post_tag","embeddable":true,"href":"https:\/\/zonaroja.com.mx\/index.php?rest_route=%2Fwp%2Fv2%2Ftags&post=37929"}],"curies":[{"name":"wp","href":"https:\/\/api.w.org\/{rel}","templated":true}]}}