{"id":37937,"date":"2022-02-22T21:28:16","date_gmt":"2022-02-23T03:28:16","guid":{"rendered":"http:\/\/www.zonaroja.com.mx\/?p=37937"},"modified":"2022-02-22T21:28:19","modified_gmt":"2022-02-23T03:28:19","slug":"infiltra-morenista-martinezneri-a-policia-para-espiar-y-grabar-a-periodistas","status":"publish","type":"post","link":"https:\/\/zonaroja.com.mx\/?p=37937","title":{"rendered":"Infiltra morenista Mart\u00ednezNeri a polic\u00eda para espiar y grabar a periodistas"},"content":{"rendered":"\n<p>Redacci\u00f3n\/Informativo 570.<\/p>\n\n\n\n<p>Oaxaca de Ju\u00e1rez, Oax., 22 de febrero de 2022.- El presidente municipal de Oaxaca de Ju\u00e1rez, Francisco Mart\u00ednez Neri, confirm\u00f3 que Arturo Gonz\u00e1lez, quien se identific\u00f3 como miembro del peri\u00f3dico \u00abMientras tanto en Oaxaca\u00bb, medio informativo falso, en realidad es un polic\u00eda municipal.<\/p>\n\n\n\n<p>El elemento vestido de civil est\u00e1 a cargo de Ra\u00fal \u00c1vila, director de la Polic\u00eda Municipal de Oaxaca, funcionario de su administraci\u00f3n, quien el domingo pasado presenci\u00f3 la intimidaci\u00f3n al reportero, Miguel \u00c1ngel Luna cuando realizaba una cobertura en la Plaza de la Danza, y no intervino.<\/p>\n\n\n\n<p>Por este hecho, un grupo de periodistas encar\u00f3 hoy al edil municipal, Francisco Mart\u00ednez Neri, a fin de que tome cartas en el asunto.<\/p>\n\n\n\n<p>Reconoci\u00f3: \u00abs\u00ed al parecer es polic\u00eda municipal\u00bb, refiri\u00e9ndose al falso periodista.<\/p>\n\n\n\n<p>Trat\u00f3 de justificar el hecho de que estuviera grabando al compa\u00f1ero, Miguel \u00c1ngel Luna, cuando daba cobertura al exceso polic\u00edaco en los que incurrieron elementos en contra de un grupo de j\u00f3venes que al parecer fumaban supuesta mariguana.<\/p>\n\n\n\n<p>Mientras que, uno de estos polic\u00edas trat\u00f3 de arrebatar su tel\u00e9fono celular al reportero.<\/p>\n\n\n\n<p>Por ello, se le exigi\u00f3 sancione a sus elementos municipales y llame la atenci\u00f3n al encargado de la seguridad p\u00fablica municipal a no permitir m\u00e1s hechos de agresi\u00f3n.<\/p>\n\n\n\n<p>El edil asegur\u00f3 que est\u00e1 garantizada la libertad de expresi\u00f3n y el ejercicio de las y los periodistas; sin embargo, tres d\u00edas despu\u00e9s del hecho apenas se pronunci\u00f3 al respecto.<\/p>\n","protected":false},"excerpt":{"rendered":"<p>Redacci\u00f3n\/Informativo 570. Oaxaca de Ju\u00e1rez, Oax., 22 de febrero de 2022.- El presidente municipal de&hellip;<\/p>\n","protected":false},"author":2,"featured_media":37938,"comment_status":"closed","ping_status":"open","sticky":false,"template":"","format":"standard","meta":{"_lmt_disableupdate":"","_lmt_disable":"","_jetpack_memberships_contains_paid_content":false,"footnotes":""},"categories":[109,47],"tags":[2418],"class_list":["post-37937","post","type-post","status-publish","format-standard","has-post-thumbnail","hentry","category-minuto-a-minuto","category-zona-gris","tag-francisco-martinez-neri"],"jetpack_featured_media_url":"https:\/\/zonaroja.com.mx\/wp-content\/uploads\/2022\/02\/Francisco-Martinez-Neri-y-Miguel-Angel-Luna.jpg","jetpack_sharing_enabled":true,"_links":{"self":[{"href":"https:\/\/zonaroja.com.mx\/index.php?rest_route=\/wp\/v2\/posts\/37937","targetHints":{"allow":["GET"]}}],"collection":[{"href":"https:\/\/zonaroja.com.mx\/index.php?rest_route=\/wp\/v2\/posts"}],"about":[{"href":"https:\/\/zonaroja.com.mx\/index.php?rest_route=\/wp\/v2\/types\/post"}],"author":[{"embeddable":true,"href":"https:\/\/zonaroja.com.mx\/index.php?rest_route=\/wp\/v2\/users\/2"}],"replies":[{"embeddable":true,"href":"https:\/\/zonaroja.com.mx\/index.php?rest_route=%2Fwp%2Fv2%2Fcomments&post=37937"}],"version-history":[{"count":1,"href":"https:\/\/zonaroja.com.mx\/index.php?rest_route=\/wp\/v2\/posts\/37937\/revisions"}],"predecessor-version":[{"id":37939,"href":"https:\/\/zonaroja.com.mx\/index.php?rest_route=\/wp\/v2\/posts\/37937\/revisions\/37939"}],"wp:featuredmedia":[{"embeddable":true,"href":"https:\/\/zonaroja.com.mx\/index.php?rest_route=\/wp\/v2\/media\/37938"}],"wp:attachment":[{"href":"https:\/\/zonaroja.com.mx\/index.php?rest_route=%2Fwp%2Fv2%2Fmedia&parent=37937"}],"wp:term":[{"taxonomy":"category","embeddable":true,"href":"https:\/\/zonaroja.com.mx\/index.php?rest_route=%2Fwp%2Fv2%2Fcategories&post=37937"},{"taxonomy":"post_tag","embeddable":true,"href":"https:\/\/zonaroja.com.mx\/index.php?rest_route=%2Fwp%2Fv2%2Ftags&post=37937"}],"curies":[{"name":"wp","href":"https:\/\/api.w.org\/{rel}","templated":true}]}}