{"id":37940,"date":"2022-02-22T21:33:13","date_gmt":"2022-02-23T03:33:13","guid":{"rendered":"http:\/\/www.zonaroja.com.mx\/?p=37940"},"modified":"2022-02-22T21:33:16","modified_gmt":"2022-02-23T03:33:16","slug":"capital-de-oaxaca-con-34-de-contagios-de-covid-este-martes","status":"publish","type":"post","link":"https:\/\/zonaroja.com.mx\/?p=37940","title":{"rendered":"Capital de Oaxaca, con 34% de contagios de Covid, este martes"},"content":{"rendered":"\n<p>Redacci\u00f3n\/Zona Roja.<\/p>\n\n\n\n<p>Oaxaca de Ju\u00e1rez, Oax. 22 de febrero de 2022.-Los Servicios de Salud de Oaxaca (SSO) informaron que, al corte de este martes la entidad registr\u00f3 311 casos nuevos de Covid-19, que suman 114 mil 231 positivos acumulados, de los cuales dos mil 005 est\u00e1n activos distribuidos en 158 municipios.<\/p>\n\n\n\n<p>El informe t\u00e9cnico de este 22 de febrero precis\u00f3 que hay un total de 200 mil 179 notificaciones, 79 mil 235 son casos negativos, 6 mil 713 sospechosos, 106 mil 267 se han recuperado y lamentablemente se contabilizaron siete defunciones en las \u00faltimas 24 horas, para un total 5 mil 959 fallecimientos.<\/p>\n\n\n\n<p>La dependencia destac\u00f3 que la Jurisdicci\u00f3n Sanitaria de Valles Centrales registr\u00f3 69 mil 310 confirmados, mil 177 activos y dos mil 624 defunciones; Istmo 15 mil 973 confirmados, 345 activos y mil 289 defunciones; Tuxtepec ocho mil 657 confirmados, 207 activos y 601 defunciones; Costa ocho mil 071 confirmados, 142 activos y 500 defunciones, Mixteca ocho mil 531 confirmados, 69 activos y 605 defunciones; Sierra tres mil 689 confirmados, 65 activos y 340 defunciones.<\/p>\n\n\n\n<p>De los 311 casos recientes, el 34% le corresponden al municipio de Oaxaca de Ju\u00e1rez con 106 contagios, localidad que repetidamente ha ocupado el primer lugar en positivos nuevos, para un total de 63 municipios de la entidad oaxaque\u00f1a que presentaron pacientes positivos en las \u00faltimas 24 horas.<\/p>\n\n\n\n<figure class=\"wp-block-embed is-type-rich is-provider-twitter wp-block-embed-twitter\"><div class=\"wp-block-embed__wrapper\">\n<div class=\"twitter-tweet\"><blockquote class=\"twitter-tweet\" data-lang=\"es\"><p lang=\"es\" dir=\"ltr\"><a href=\"https:\/\/twitter.com\/hashtag\/%C3%9AltimoMinuto?src=hash&amp;ref_src=twsrc%5Etfw\">#\u00daltimoMinuto<\/a><br>Este martes, <a href=\"https:\/\/twitter.com\/SSO_GobOax?ref_src=twsrc%5Etfw\">@SSO_GobOax<\/a> reportaron 311 casos positivos a Covid-19, as\u00ed como 7 fallecimientos; adem\u00e1s, 2 mil 005 casos activos.<br>Suman 114 mil 231 casos confirmados y 5 mil 959 fallecimientos.<br>Hay 7 nosocomios saturados; ocupaci\u00f3n hospitalaria de 27.7%. <a href=\"https:\/\/t.co\/zLLVO5ThFn\">pic.twitter.com\/zLLVO5ThFn<\/a><\/p>&mdash; Zona Roja Oaxaca (@ZonaRoja_Oaxaca) <a href=\"https:\/\/twitter.com\/ZonaRoja_Oaxaca\/status\/1496310794828591108?ref_src=twsrc%5Etfw\">23 de febrero de 2022<\/a><\/blockquote><\/div>\n<\/div><\/figure>\n\n\n\n<p>Respecto a la ocupaci\u00f3n hospitalaria global en la entidad, para este d\u00eda se cuantific\u00f3 el 27.7%, con 112 camas ocupadas, 293 disponibles, de un total de 405; en las seis Jurisdicciones Sanitarias hay un total de siete hospitales que se encuentran al 100% de saturaci\u00f3n, y en el \u00faltimo corte siete personas requirieron ingresar a un centro m\u00e9dico por complicaciones del padecimiento.<\/p>\n\n\n\n<p>La dependencia se\u00f1al\u00f3 que ante cualquier emergencia las personas deben marcar al 911, asimismo continuar con las medidas para evitar los contagios, como mantener la sana distancia, el uso correcto del cubrebocas, lavado de manos de manera frecuente, evitar acudir a lugares aglomerados y poco ventilados.<\/p>\n\n\n\n<p>Adem\u00e1s, enfatiz\u00f3 que en la plataforma: mivacuna.salud.gob.mx contin\u00faa abierto el registro para recibir la vacuna contra el COVID-19 para adolescentes de 12 a 14 a\u00f1os con comorbilidades y personas mayores de 15 a\u00f1os que no pudieron inmunizarse en su momento. Tambi\u00e9n para la aplicaci\u00f3n de dosis de refuerzo a quienes tienen m\u00e1s de 18 a\u00f1os y cumplieron cuatro meses de haber completado el esquema.<\/p>\n","protected":false},"excerpt":{"rendered":"<p>Redacci\u00f3n\/Zona Roja. Oaxaca de Ju\u00e1rez, Oax. 22 de febrero de 2022.-Los Servicios de Salud de&hellip;<\/p>\n","protected":false},"author":2,"featured_media":37941,"comment_status":"closed","ping_status":"open","sticky":false,"template":"","format":"standard","meta":{"_lmt_disableupdate":"","_lmt_disable":"","_jetpack_memberships_contains_paid_content":false,"footnotes":""},"categories":[109,47],"tags":[1512],"class_list":["post-37940","post","type-post","status-publish","format-standard","has-post-thumbnail","hentry","category-minuto-a-minuto","category-zona-gris","tag-coronavirus-oaxaca"],"jetpack_featured_media_url":"https:\/\/zonaroja.com.mx\/wp-content\/uploads\/2022\/02\/22-de-febrero-de-2022.-Comunicado-Tecnico-COVID-19.jpg","jetpack_sharing_enabled":true,"_links":{"self":[{"href":"https:\/\/zonaroja.com.mx\/index.php?rest_route=\/wp\/v2\/posts\/37940","targetHints":{"allow":["GET"]}}],"collection":[{"href":"https:\/\/zonaroja.com.mx\/index.php?rest_route=\/wp\/v2\/posts"}],"about":[{"href":"https:\/\/zonaroja.com.mx\/index.php?rest_route=\/wp\/v2\/types\/post"}],"author":[{"embeddable":true,"href":"https:\/\/zonaroja.com.mx\/index.php?rest_route=\/wp\/v2\/users\/2"}],"replies":[{"embeddable":true,"href":"https:\/\/zonaroja.com.mx\/index.php?rest_route=%2Fwp%2Fv2%2Fcomments&post=37940"}],"version-history":[{"count":1,"href":"https:\/\/zonaroja.com.mx\/index.php?rest_route=\/wp\/v2\/posts\/37940\/revisions"}],"predecessor-version":[{"id":37942,"href":"https:\/\/zonaroja.com.mx\/index.php?rest_route=\/wp\/v2\/posts\/37940\/revisions\/37942"}],"wp:featuredmedia":[{"embeddable":true,"href":"https:\/\/zonaroja.com.mx\/index.php?rest_route=\/wp\/v2\/media\/37941"}],"wp:attachment":[{"href":"https:\/\/zonaroja.com.mx\/index.php?rest_route=%2Fwp%2Fv2%2Fmedia&parent=37940"}],"wp:term":[{"taxonomy":"category","embeddable":true,"href":"https:\/\/zonaroja.com.mx\/index.php?rest_route=%2Fwp%2Fv2%2Fcategories&post=37940"},{"taxonomy":"post_tag","embeddable":true,"href":"https:\/\/zonaroja.com.mx\/index.php?rest_route=%2Fwp%2Fv2%2Ftags&post=37940"}],"curies":[{"name":"wp","href":"https:\/\/api.w.org\/{rel}","templated":true}]}}