{"id":37949,"date":"2022-02-23T07:45:32","date_gmt":"2022-02-23T13:45:32","guid":{"rendered":"http:\/\/www.zonaroja.com.mx\/?p=37949"},"modified":"2022-02-23T07:45:34","modified_gmt":"2022-02-23T13:45:34","slug":"rescatan-en-febrero-a-234-migrantes-indocumentados-en-oaxaca","status":"publish","type":"post","link":"https:\/\/zonaroja.com.mx\/?p=37949","title":{"rendered":"Rescatan en febrero a 234 migrantes indocumentados en Oaxaca"},"content":{"rendered":"\n<p>Redacci\u00f3n\/Zona Roja.<\/p>\n\n\n\n<p>Oaxaca de Ju\u00e1rez, Oax., 23 de febrero de 2022.- Al menos 234 migrantes centroamericanos han sido rescatados en territorio oaxaque\u00f1o durante el mes de febrero, report\u00f3 la Secretar\u00eda de Seguridad P\u00fablica de Oaxaca (SSPO).<\/p>\n\n\n\n<p>El m\u00e1s reciente caso ocurri\u00f3 ayer martes en la regi\u00f3n de la Cuenca del Papaloapan, en que personal de la Polic\u00eda Estatal rescat\u00f3 a 14 indocumentados, procedentes de Honduras y Venezuela.<\/p>\n\n\n\n<p>En otro hecho reciente, el pasado domingo, en un hotel de Juchit\u00e1n de Zaragoza, hallaron 140 personas procedentes de Cuba, Nicaragua y Guatemala, que no pudieron acreditar su estancia legal en el pa\u00eds.<\/p>\n\n\n\n<p>De los 234 migrantes rescatados y puestos a disposici\u00f3n, 94 fueron asegurados a trav\u00e9s de un puesto de control preventivo instalado en la v\u00eda de ferrocarril de Tierra Alta, en el kil\u00f3metro163+600, del municipio de Loma Bonita.<\/p>\n\n\n\n<p>La SSPO inform\u00f3 que todas estas personas rescatadas fueron trasladadas a las instancias competentes con las respectivas medidas de seguridad y conforme a derecho para su respectiva situaci\u00f3n jur\u00eddica.<\/p>\n\n\n\n<p>Detall\u00f2 que mantiene estrecha colaboraci\u00f3n con el Instituto Nacional de Migraci\u00f2n, a fin de evitar este tipo de hechos.<\/p>\n","protected":false},"excerpt":{"rendered":"<p>Redacci\u00f3n\/Zona Roja. Oaxaca de Ju\u00e1rez, Oax., 23 de febrero de 2022.- Al menos 234 migrantes&hellip;<\/p>\n","protected":false},"author":2,"featured_media":37950,"comment_status":"closed","ping_status":"open","sticky":false,"template":"","format":"standard","meta":{"_lmt_disableupdate":"","_lmt_disable":"","_jetpack_memberships_contains_paid_content":false,"footnotes":""},"categories":[109,46],"tags":[1421],"class_list":["post-37949","post","type-post","status-publish","format-standard","has-post-thumbnail","hentry","category-minuto-a-minuto","category-zona-blanca","tag-secretaria-de-seguridad-publica-de-oaxaca-sspo"],"jetpack_featured_media_url":"https:\/\/zonaroja.com.mx\/wp-content\/uploads\/2022\/02\/Migrantes-Policia-Estatal-Cuenca.jpg","jetpack_sharing_enabled":true,"_links":{"self":[{"href":"https:\/\/zonaroja.com.mx\/index.php?rest_route=\/wp\/v2\/posts\/37949","targetHints":{"allow":["GET"]}}],"collection":[{"href":"https:\/\/zonaroja.com.mx\/index.php?rest_route=\/wp\/v2\/posts"}],"about":[{"href":"https:\/\/zonaroja.com.mx\/index.php?rest_route=\/wp\/v2\/types\/post"}],"author":[{"embeddable":true,"href":"https:\/\/zonaroja.com.mx\/index.php?rest_route=\/wp\/v2\/users\/2"}],"replies":[{"embeddable":true,"href":"https:\/\/zonaroja.com.mx\/index.php?rest_route=%2Fwp%2Fv2%2Fcomments&post=37949"}],"version-history":[{"count":1,"href":"https:\/\/zonaroja.com.mx\/index.php?rest_route=\/wp\/v2\/posts\/37949\/revisions"}],"predecessor-version":[{"id":37953,"href":"https:\/\/zonaroja.com.mx\/index.php?rest_route=\/wp\/v2\/posts\/37949\/revisions\/37953"}],"wp:featuredmedia":[{"embeddable":true,"href":"https:\/\/zonaroja.com.mx\/index.php?rest_route=\/wp\/v2\/media\/37950"}],"wp:attachment":[{"href":"https:\/\/zonaroja.com.mx\/index.php?rest_route=%2Fwp%2Fv2%2Fmedia&parent=37949"}],"wp:term":[{"taxonomy":"category","embeddable":true,"href":"https:\/\/zonaroja.com.mx\/index.php?rest_route=%2Fwp%2Fv2%2Fcategories&post=37949"},{"taxonomy":"post_tag","embeddable":true,"href":"https:\/\/zonaroja.com.mx\/index.php?rest_route=%2Fwp%2Fv2%2Ftags&post=37949"}],"curies":[{"name":"wp","href":"https:\/\/api.w.org\/{rel}","templated":true}]}}