{"id":37954,"date":"2022-02-24T09:49:00","date_gmt":"2022-02-24T15:49:00","guid":{"rendered":"http:\/\/www.zonaroja.com.mx\/?p=37954"},"modified":"2022-02-23T07:53:48","modified_gmt":"2022-02-23T13:53:48","slug":"opinion-cuentas-publicas","status":"publish","type":"post","link":"https:\/\/zonaroja.com.mx\/?p=37954","title":{"rendered":"Opini\u00f3n. Cuentas p\u00fablicas"},"content":{"rendered":"\n<p>Ad\u00e1n C\u00f3rdova*<\/p>\n\n\n\n<p>El 28 de febrero vence el plazo para que las autoridades municipales presenten la cuenta p\u00fablica del a\u00f1o anterior.<\/p>\n\n\n\n<p>La revisi\u00f3n y dictaminaci\u00f3n de las Cuentas P\u00fablicas Municipales es una funci\u00f3n constitucional del Poder Legislativo, que realiza a trav\u00e9s del \u00d3rgano Superior de Fiscalizaci\u00f3n del Estado de Oaxaca (OSFEO), con el objeto de evaluar los resultados, verificar el cumplimiento de los objetivos de los programas, adem\u00e1s de comprobar si la captaci\u00f3n, el manejo y utilizaci\u00f3n de los recursos p\u00fablicos, se realiz\u00f3 conforme a lo aprobado por el cabildo.<\/p>\n\n\n\n<p>El OSFEO public\u00f3 en enero pasado el Programa de Anual de Auditor\u00edas, Visitas e Inspecciones 2022 y deber\u00e1 presentar el 30 de noviembre el resultado de las auditor\u00edas municipales.<\/p>\n\n\n\n<p>La fiscalizaci\u00f3n es el medio por el cual los ciudadanos podemos reconocer la buena gesti\u00f3n de una administraci\u00f3n, denunciar las irregularidades, y promover las responsabilidades por las malas acciones.<\/p>\n\n\n\n<p>La finalidad de las cuentas p\u00fablicas es que los ciudadanos conozcamos y evaluemos qui\u00e9n, c\u00f3mo, cu\u00e1nto y en qu\u00e9 se gastan los recursos p\u00fablicos de cada ejercicio fiscal; verificar si se sigui\u00f3 el Plan de Desarrollo, analizar los resultados obtenidos y las posibles acciones de mejora.<\/p>\n\n\n\n<p>En Oaxaca, no se ha podido garantizar el derecho de los ciudadanos para acceder a las cuentas p\u00fablicas municipales por diversas razones, pero la m\u00e1s importante es que no existe una instituci\u00f3n p\u00fablica encargada del resguardo y publicaci\u00f3n de las Cuentas P\u00fablicas Municipales que garantice su acceso.<\/p>\n\n\n\n<p>Por mandato de ley, cualquier ciudadano puede presentar durante todo el a\u00f1o denuncias del mal manejo o desv\u00edo de recursos p\u00fablicos ante la C\u00e1mara de Diputados, la Comisi\u00f3n de Vigilancia del OSFEO, el OSFEO o la Fiscal\u00eda Especializada en el Combate a la Corrupci\u00f3n, pero se podr\u00edan evitar promociones innecesarias si se contara con la informaci\u00f3n de las cuentas p\u00fablicas.<\/p>\n\n\n\n<p>A pesar de las reformas jur\u00eddicas y los avances institucionales, los avances a nivel federal y estatal en materia de rendici\u00f3n de cuentas, no se dan con la misma velocidad a nivel municipal,<\/p>\n\n\n\n<p>La participaci\u00f3n ciudadana es fundamental para que sea posible hablar de rendici\u00f3n de cuentas, pues contribuye al dise\u00f1o de nuevas y mejores pol\u00edticas p\u00fablicas, fortalece la fiscalizaci\u00f3n, genera cercan\u00eda entre la sociedad civil y la pol\u00edtica, incrementa la confianza y permite la construcci\u00f3n de mejores gobiernos.<\/p>\n\n\n\n<p>*Integrante de la Comisi\u00f3n de Selecci\u00f3n del Sistema Nacional Anticorrupci\u00f3n; Catedr\u00e1tico y Coordinador del Laboratorio Universitario de Estudios de Transparencia y Combate a la Corrupci\u00f3n de la FDCS\/UABJO.<\/p>\n\n\n\n<p>adancordovatrujillo@gmail.com<\/p>\n\n\n\n<p>@adancordovat.<\/p>\n\n\n\n<p>Fb: Ad\u00e1n C\u00f3rdova<\/p>\n","protected":false},"excerpt":{"rendered":"<p>Ad\u00e1n C\u00f3rdova* El 28 de febrero vence el plazo para que las autoridades municipales presenten&hellip;<\/p>\n","protected":false},"author":2,"featured_media":37380,"comment_status":"closed","ping_status":"open","sticky":false,"template":"","format":"standard","meta":{"_lmt_disableupdate":"","_lmt_disable":"","_jetpack_memberships_contains_paid_content":false,"footnotes":""},"categories":[456,109],"tags":[184],"class_list":["post-37954","post","type-post","status-publish","format-standard","has-post-thumbnail","hentry","category-columna","category-minuto-a-minuto","tag-adan-cordova-trujillo"],"jetpack_featured_media_url":"https:\/\/zonaroja.com.mx\/wp-content\/uploads\/2022\/02\/Adan-Cordova-Trujillo.jpg","jetpack_sharing_enabled":true,"_links":{"self":[{"href":"https:\/\/zonaroja.com.mx\/index.php?rest_route=\/wp\/v2\/posts\/37954","targetHints":{"allow":["GET"]}}],"collection":[{"href":"https:\/\/zonaroja.com.mx\/index.php?rest_route=\/wp\/v2\/posts"}],"about":[{"href":"https:\/\/zonaroja.com.mx\/index.php?rest_route=\/wp\/v2\/types\/post"}],"author":[{"embeddable":true,"href":"https:\/\/zonaroja.com.mx\/index.php?rest_route=\/wp\/v2\/users\/2"}],"replies":[{"embeddable":true,"href":"https:\/\/zonaroja.com.mx\/index.php?rest_route=%2Fwp%2Fv2%2Fcomments&post=37954"}],"version-history":[{"count":1,"href":"https:\/\/zonaroja.com.mx\/index.php?rest_route=\/wp\/v2\/posts\/37954\/revisions"}],"predecessor-version":[{"id":37955,"href":"https:\/\/zonaroja.com.mx\/index.php?rest_route=\/wp\/v2\/posts\/37954\/revisions\/37955"}],"wp:featuredmedia":[{"embeddable":true,"href":"https:\/\/zonaroja.com.mx\/index.php?rest_route=\/wp\/v2\/media\/37380"}],"wp:attachment":[{"href":"https:\/\/zonaroja.com.mx\/index.php?rest_route=%2Fwp%2Fv2%2Fmedia&parent=37954"}],"wp:term":[{"taxonomy":"category","embeddable":true,"href":"https:\/\/zonaroja.com.mx\/index.php?rest_route=%2Fwp%2Fv2%2Fcategories&post=37954"},{"taxonomy":"post_tag","embeddable":true,"href":"https:\/\/zonaroja.com.mx\/index.php?rest_route=%2Fwp%2Fv2%2Ftags&post=37954"}],"curies":[{"name":"wp","href":"https:\/\/api.w.org\/{rel}","templated":true}]}}