{"id":3796,"date":"2019-09-09T09:51:36","date_gmt":"2019-09-09T14:51:36","guid":{"rendered":"http:\/\/www.zonaroja.com.mx\/?p=3796"},"modified":"2019-09-10T07:22:41","modified_gmt":"2019-09-10T12:22:41","slug":"cuando-uno-abre-una-escuela-se-cierra-una-prision-vive-istmo-parteaguas-en-educacion","status":"publish","type":"post","link":"https:\/\/zonaroja.com.mx\/?p=3796","title":{"rendered":"\u201cCuando uno abre una escuela se cierra una prisi\u00f3n\u201d; vive Istmo parteaguas en educaci\u00f3n"},"content":{"rendered":"\n<p>Ismael\nGarc\u00eda M.\/Zona Roja.<\/p>\n\n\n\n<p>Foto: Ismael\nGarc\u00eda M.<\/p>\n\n\n\n<p>San\nFrancisco Ixhuat\u00e1n, Oax., 9 de septiembre de 2019.- Fue un d\u00eda de fiesta. Unos\nbarrieron la calle y echaron agua; otras prepararon los alimentos al estilo\nistme\u00f1o; unos m\u00e1s trajeron la banda de m\u00fasica y otros alistaron el nuevo\nplantel.<\/p>\n\n\n\n<p>No era para\nmenos: la universidad lleg\u00f3 a Ixhuat\u00e1n, la tierra que vio nacer a don Andr\u00e9s\nHenestrosa; la zona istme\u00f1a que por a\u00f1os se ilusion\u00f3 con un plantel de\neducaci\u00f3n superior. Y de pronto, 17 a\u00f1os de anhelo se volvieron realidad.<\/p>\n\n\n\n<p>Tras un\ndesayuno de bienvenida, comenz\u00f3 el desfile, con autoridades municipales y\nuniversitarias, encabezadas por el rector de la UABJO, Eduardo Bautista\nMart\u00ednez. Una caminata con m\u00fasica de banda de viento, hasta las nuevas\ninstalaciones, una antigua estaci\u00f3n del ferrocarril.<\/p>\n\n\n\n<p>\u201cNo s\u00f3lo nos interesa el desarrollo con el plan del Presidente L\u00f3pez Obrador y el corredor interoce\u00e1nico, nos interesa tambi\u00e9n la educaci\u00f3n\u201d, dice el presidente municipal, Florencio de la Cruz Valdivieso. <\/p>\n\n\n\n<figure class=\"wp-block-embed-twitter wp-block-embed is-type-rich is-provider-twitter\"><div class=\"wp-block-embed__wrapper\">\n<div class=\"twitter-tweet\"><blockquote class=\"twitter-tweet\" data-lang=\"es\"><p lang=\"es\" dir=\"ltr\"><a href=\"https:\/\/twitter.com\/hashtag\/OaxacaRosa?src=hash&amp;ref_src=twsrc%5Etfw\">#OaxacaRosa<\/a><br>Vive el Istmo d\u00eda hist\u00f3rico en educaci\u00f3n universitaria. El rector de la <a href=\"https:\/\/twitter.com\/UABJO?ref_src=twsrc%5Etfw\">@UABJO<\/a>, <a href=\"https:\/\/twitter.com\/Bautistaeduardo?ref_src=twsrc%5Etfw\">@Bautistaeduardo<\/a>, inaugur\u00f3 extensiones del <a href=\"https:\/\/twitter.com\/Cecad_UABJO?ref_src=twsrc%5Etfw\">@Cecad_UABJO<\/a> en Juchit\u00e1n, Ixhuat\u00e1n e Ixtepec; oferta ocho licenciaturas, un bachillerato y una maestr\u00eda. <a href=\"https:\/\/t.co\/qMcPi0cFxi\">pic.twitter.com\/qMcPi0cFxi<\/a><\/p>&mdash; Zona Roja Oaxaca (@MexRoja) <a href=\"https:\/\/twitter.com\/MexRoja\/status\/1171070437113004032?ref_src=twsrc%5Etfw\">9 de septiembre de 2019<\/a><\/blockquote><\/div>\n<\/div><\/figure>\n\n\n\n<p>UN\nPARTEAGUAS<\/p>\n\n\n\n<p>\u201cHoy es el\nparteaguas en la historia de la educaci\u00f3n en nuestro municipio, porque se\ncumplen las aspiraciones de muchas familias ixhuatecas\u201d, afirma el conductor\ndel programa c\u00edvico, en la sede del Centro de Educaci\u00f3n Continua, Abierta y a\nDistancia (CECAD) de la Universidad Aut\u00f3noma \u201cBenito Ju\u00e1rez\u201d de Oaxaca.<\/p>\n\n\n\n<p>Y es que en\nun hecho hist\u00f3rico, la universidad p\u00fablica a trav\u00e9s de la m\u00e1xima casa de\nestudios, llega a Ixhuat\u00e1n, pero tambi\u00e9n a Juchit\u00e1n de Zaragoza y Ciudad\nIxtepec, para ofertar ocho carreras, un bachillerato y una maestr\u00eda en l\u00ednea,\nde acuerdo con la directora del CECAD, Irma Yolanda Ortiz Acosta.<\/p>\n\n\n\n<p>Los pioneros\nen Ixhuat\u00e1n para que la educaci\u00f3n superior llegara, el doctor Francisco\nGuti\u00e9rrez Delgado \u2013quien ofreci\u00f3 una beca por parte de su familia, al mejor\npromedio&#8211; y el investigador universitario Manuel Matus Manzo.<\/p>\n\n\n\n<p>\u201cCuando uno\nabre una escuela se cierra una prisi\u00f3n\u201d, expone quien dirige la actividad. \u201cEs\nun sue\u00f1o que se ve reflejado en el gran trabajo que hemos hecho en equipo. Hace\nunos meses intent\u00e9 gestionar este proyecto con la Universidad de Chiapas, pero\nDios puso a un \u00e1ngel en nuestro camino y llegaron a exponer este proyecto.<\/p>\n\n\n\n<p>\u201cEn 1968 llega la luz la energ\u00eda el\u00e9ctrica a nuestro municipio, en 2019 estamos concretando la llegada la universidad; celebro la unidad, el gran apoyo de los padres, Ixhuat\u00e1n tendr\u00e1 hoy a partir de hoy un nuevo rostro\u201d, afirma el edil Florencio de la Cruz en su mensaje, quien tambi\u00e9n ofrece becas.<\/p>\n\n\n\n<figure class=\"wp-block-image\"><img decoding=\"async\" width=\"1024\" height=\"576\" src=\"http:\/\/www.zonaroja.com.mx\/wp-content\/uploads\/2019\/09\/IMG_5477-1024x576.jpg\" alt=\"\" class=\"wp-image-3798\" srcset=\"https:\/\/zonaroja.com.mx\/wp-content\/uploads\/2019\/09\/IMG_5477-1024x576.jpg 1024w, https:\/\/zonaroja.com.mx\/wp-content\/uploads\/2019\/09\/IMG_5477-300x169.jpg 300w, https:\/\/zonaroja.com.mx\/wp-content\/uploads\/2019\/09\/IMG_5477-768x432.jpg 768w, https:\/\/zonaroja.com.mx\/wp-content\/uploads\/2019\/09\/IMG_5477-1170x658.jpg 1170w, https:\/\/zonaroja.com.mx\/wp-content\/uploads\/2019\/09\/IMG_5477-585x329.jpg 585w, https:\/\/zonaroja.com.mx\/wp-content\/uploads\/2019\/09\/IMG_5477.jpg 1760w\" sizes=\"(max-width: 1024px) 100vw, 1024px\" \/><\/figure>\n\n\n\n<p>ISTMO\nESCRIBE HISTORIA<\/p>\n\n\n\n<p>Para el\nrector Eduardo Bautista Mart\u00ednez, la tierra generosa del Istmo de Tehuantepec est\u00e1\nescribiendo historias importantes, p\u00e1ginas impecables a partir del trabajo de\nmuchas personas ilustres y de la propia poblaci\u00f3n.<\/p>\n\n\n\n<p>Da su\nmensaje de solidaridad con la familia de Francisco Toledo por el deceso del\nartista pl\u00e1stico; expresa su solidaridad con los ixhuatecos e istme\u00f1os por los\ndevastadores sismos de 2017.<\/p>\n\n\n\n<p>\u201cCoincidimos con el edil en la importancia del trabajo educativo, reconozco el trabajo emprendido, a pesar de circunstancias sumamente dif\u00edciles. Pero importante que quien est\u00e1 al frente de este municipio haya colocado la prioridad en el tema de la educaci\u00f3n.<\/p>\n\n\n\n<figure class=\"wp-block-embed-twitter wp-block-embed is-type-rich is-provider-twitter\"><div class=\"wp-block-embed__wrapper\">\n<div class=\"twitter-tweet\"><blockquote class=\"twitter-tweet\" data-lang=\"es\"><p lang=\"es\" dir=\"ltr\"><a href=\"https:\/\/twitter.com\/hashtag\/OaxacaDeLuto?src=hash&amp;ref_src=twsrc%5Etfw\">#OaxacaDeLuto<\/a><a href=\"https:\/\/twitter.com\/hashtag\/M%C3%A9xicoDeLuto?src=hash&amp;ref_src=twsrc%5Etfw\">#M\u00e9xicoDeLuto<\/a><br>En el municipio istme\u00f1o de Ciudad Ixtepec, el rector de la <a href=\"https:\/\/twitter.com\/UABJO?ref_src=twsrc%5Etfw\">@UABJO<\/a>, <a href=\"https:\/\/twitter.com\/Bautistaeduardo?ref_src=twsrc%5Etfw\">@Bautistaeduardo<\/a>, pidi\u00f3 un minuto de silencio en memoria del artista pl\u00e1stico Francisco Toledo, acaecido ayer en la capital del estado. <a href=\"https:\/\/t.co\/PW6WbzsID1\">pic.twitter.com\/PW6WbzsID1<\/a><\/p>&mdash; Zona Roja Oaxaca (@MexRoja) <a href=\"https:\/\/twitter.com\/MexRoja\/status\/1170135702698377216?ref_src=twsrc%5Etfw\">7 de septiembre de 2019<\/a><\/blockquote><\/div>\n<\/div><\/figure>\n\n\n\n<p>\u201cPorque es a\npartir de la educaci\u00f3n, de invertir en la educaci\u00f3n, como una prioridad, es\ncomo tenemos la posibilidad de transformar nuestro mundo, de hacerlo m\u00e1s justo,\nm\u00e1s equitativo\u201d, expone Bautista Mart\u00ednez, frente a cientos de bachilleres, los\nprimeros aspirantes del pueblo zapoteca.<\/p>\n\n\n\n<p>Fiesta tambi\u00e9n en Juchit\u00e1n de Zaragoza, donde con el presidente municipal Emilio Montero P\u00e9rez, abre un CECAD en ese municipio istme\u00f1o; lo mismo en Ciudad Ixtepec, con el edil Rogelio Chen L\u00f3pez. Desde hoy, la historia del Istmo de Tehuantepec ser\u00e1 otra.<\/p>\n\n\n\n<figure class=\"wp-block-image\"><img decoding=\"async\" width=\"1024\" height=\"768\" src=\"http:\/\/www.zonaroja.com.mx\/wp-content\/uploads\/2019\/09\/IMG_5442-1024x768.jpg\" alt=\"\" class=\"wp-image-3799\" srcset=\"https:\/\/zonaroja.com.mx\/wp-content\/uploads\/2019\/09\/IMG_5442-1024x768.jpg 1024w, https:\/\/zonaroja.com.mx\/wp-content\/uploads\/2019\/09\/IMG_5442-300x225.jpg 300w, https:\/\/zonaroja.com.mx\/wp-content\/uploads\/2019\/09\/IMG_5442-768x576.jpg 768w, https:\/\/zonaroja.com.mx\/wp-content\/uploads\/2019\/09\/IMG_5442-1170x878.jpg 1170w, https:\/\/zonaroja.com.mx\/wp-content\/uploads\/2019\/09\/IMG_5442-1920x1440.jpg 1920w, https:\/\/zonaroja.com.mx\/wp-content\/uploads\/2019\/09\/IMG_5442-585x439.jpg 585w, https:\/\/zonaroja.com.mx\/wp-content\/uploads\/2019\/09\/IMG_5442.jpg 2016w\" sizes=\"(max-width: 1024px) 100vw, 1024px\" \/><\/figure>\n","protected":false},"excerpt":{"rendered":"<p>Ismael Garc\u00eda M.\/Zona Roja. Foto: Ismael Garc\u00eda M. San Francisco Ixhuat\u00e1n, Oax., 9 de septiembre&hellip;<\/p>\n","protected":false},"author":2,"featured_media":3797,"comment_status":"closed","ping_status":"open","sticky":false,"template":"","format":"standard","meta":{"_lmt_disableupdate":"","_lmt_disable":"","_jetpack_memberships_contains_paid_content":false,"footnotes":""},"categories":[109,46],"tags":[687,360,282],"class_list":["post-3796","post","type-post","status-publish","format-standard","has-post-thumbnail","hentry","category-minuto-a-minuto","category-zona-blanca","tag-cecad","tag-rector-eduardo-bautista-martinez","tag-universidad-autonoma-benito-juarez-de-oaxaca"],"jetpack_featured_media_url":"https:\/\/zonaroja.com.mx\/wp-content\/uploads\/2019\/09\/IMG_5424.jpg","jetpack_sharing_enabled":true,"_links":{"self":[{"href":"https:\/\/zonaroja.com.mx\/index.php?rest_route=\/wp\/v2\/posts\/3796","targetHints":{"allow":["GET"]}}],"collection":[{"href":"https:\/\/zonaroja.com.mx\/index.php?rest_route=\/wp\/v2\/posts"}],"about":[{"href":"https:\/\/zonaroja.com.mx\/index.php?rest_route=\/wp\/v2\/types\/post"}],"author":[{"embeddable":true,"href":"https:\/\/zonaroja.com.mx\/index.php?rest_route=\/wp\/v2\/users\/2"}],"replies":[{"embeddable":true,"href":"https:\/\/zonaroja.com.mx\/index.php?rest_route=%2Fwp%2Fv2%2Fcomments&post=3796"}],"version-history":[{"count":2,"href":"https:\/\/zonaroja.com.mx\/index.php?rest_route=\/wp\/v2\/posts\/3796\/revisions"}],"predecessor-version":[{"id":3824,"href":"https:\/\/zonaroja.com.mx\/index.php?rest_route=\/wp\/v2\/posts\/3796\/revisions\/3824"}],"wp:featuredmedia":[{"embeddable":true,"href":"https:\/\/zonaroja.com.mx\/index.php?rest_route=\/wp\/v2\/media\/3797"}],"wp:attachment":[{"href":"https:\/\/zonaroja.com.mx\/index.php?rest_route=%2Fwp%2Fv2%2Fmedia&parent=3796"}],"wp:term":[{"taxonomy":"category","embeddable":true,"href":"https:\/\/zonaroja.com.mx\/index.php?rest_route=%2Fwp%2Fv2%2Fcategories&post=3796"},{"taxonomy":"post_tag","embeddable":true,"href":"https:\/\/zonaroja.com.mx\/index.php?rest_route=%2Fwp%2Fv2%2Ftags&post=3796"}],"curies":[{"name":"wp","href":"https:\/\/api.w.org\/{rel}","templated":true}]}}