{"id":37963,"date":"2022-02-23T08:49:48","date_gmt":"2022-02-23T14:49:48","guid":{"rendered":"http:\/\/www.zonaroja.com.mx\/?p=37963"},"modified":"2022-02-23T08:49:51","modified_gmt":"2022-02-23T14:49:51","slug":"opinion-llego-la-hora-de-la-transicion-en-la-uabjo","status":"publish","type":"post","link":"https:\/\/zonaroja.com.mx\/?p=37963","title":{"rendered":"Opini\u00f3n. \u00bfLleg\u00f3 la hora de la transici\u00f3n en la UABJO?"},"content":{"rendered":"\n<p>Adri\u00e1n Ortiz Romero Cuevas<\/p>\n\n\n\n<p>Existen indicios claros de que se avecina un cambio de circunstancias pol\u00edticas en la Universidad Aut\u00f3noma \u201cBenito Ju\u00e1rez\u201d de Oaxaca. En ese contexto, vale la pena considerar algunas claves determinantes para entender su situaci\u00f3n actual, as\u00ed como la posibilidad de un acuerdo pol\u00edtico que logre garantizar la viabilidad de la M\u00e1xima Casa de Estudios en el mediano y largo plazo.<\/p>\n\n\n\n<p>En efecto, el repentino cambio de medida cautelar \u2014que pas\u00f3 de prisi\u00f3n preventiva justificada, a prisi\u00f3n domiciliaria\u2014 impuesta al ex rector, Eduardo Mart\u00ednez Helmes, respecto a la acusaci\u00f3n penal que le formul\u00f3 la hacienda p\u00fablica oaxaque\u00f1a por la presunta comisi\u00f3n del delito de defraudaci\u00f3n fiscal equiparada, pareci\u00f3 ser el banderazo de salida para un intento de transici\u00f3n en la conducci\u00f3n acad\u00e9mica, pol\u00edtica y administrativa de la UABJO.<\/p>\n\n\n\n<p>A la par de la excarcelaci\u00f3n de Mart\u00ednez Helmes, comenzaron a sonar nombres y expresiones tanto universitarias como gubernamentales, que abren la posibilidad de la construcci\u00f3n de un acuerdo pol\u00edtico para el cambio en la Rector\u00eda. Al respecto, estas son algunas de las claves que es necesario considerar:<\/p>\n\n\n\n<p>1. La UABJO vive una crisis l\u00edquida y de liquidez. Presupuestalmente, la Universidad est\u00e1 ahogada y en ese aspecto su capacidad de maniobra actual no s\u00f3lo es nula: es deficitaria. Esa circunstancia no le genera mayor preocupaci\u00f3n a los \u00e1mbitos de gobierno federal y estatal sino hasta el momento en que esa circunstancia le genera una crisis pol\u00edtica. Y por eso, paralelamente al ahogo presupuestal, la UABJO vive una crisis de diluci\u00f3n, porque sus condiciones sociales y pol\u00edticas est\u00e1n marcadas por lo inestable y d\u00factil que siempre resulta el inter\u00e9s gubernamental ante ella. S\u00f3lo se le voltea a ver en la crisis, pero se le desatiende en todas las circunstancias que no resultan de su inter\u00e9s o ganancia pol\u00edtica.<\/p>\n\n\n\n<p>2. La llamada \u201cFamilia Real\u201d \u2014los Mart\u00ednez Helmes, comandados por su patriarca Abraham Mart\u00ednez Alavez\u2014 lleg\u00f3 al l\u00edmite de su poder, y se convirti\u00f3 en un elemento pernicioso para la sostenibilidad de la vida universitaria. Tuvieron tanto poder que, igual que como le ocurre a los virus m\u00e1s letales, terminaron matando al organismo hu\u00e9sped antes de poderse replicar, por lo que hoy ya les resulta imposible transmitir su linaje.<\/p>\n\n\n\n<p>3. El cambio de medida cautelar al ex rector Eduardo Mart\u00ednez Helmes, s\u00ed constituye el campanazo de salida para la b\u00fasqueda de un arreglo consensado entre los universitarios. Los delitos por los que se le persigue actualmente, nada tienen que ver con su actuaci\u00f3n \u2014tambi\u00e9n escandalosa, a decir de los propios universitarios\u2014 como Rector de la UABJO. Lo bueno o lo malo que haya hecho, durante los cuatro a\u00f1os de su rectorado, no son la raz\u00f3n por la que hoy enfrenta procesos judiciales. Y ese no es un elemento menor, frente a todo lo que est\u00e1 ocurriendo alrededor de la UABJO.<\/p>\n\n\n\n<p>4. La renovaci\u00f3n de la Rector\u00eda por la v\u00eda de la elecci\u00f3n universal \u2014en la que participan normalmente trabajadores administrativos, personal acad\u00e9mico, y alumnos universitarios\u2014, est\u00e1 anclada a un regreso a actividades presenciales que luce imposible, al menos en todo lo que resta del presente a\u00f1o. \u00bfC\u00f3mo, qui\u00e9n, y a qu\u00e9 costo, podr\u00edan generar un consenso entre la diversidad de sindicatos para reabrir la Universidad? Y por ende, es indispensable reactivar la vida presencial universitaria para que primero haya clases, e inmediatamente despu\u00e9s pueda organizarse y realizarse el proceso electoral. Todo esto, claro, tendr\u00eda que lograrse dentro de los 80 d\u00edas siguientes, porque de acuerdo con la determinaci\u00f3n actual del Consejo Universitario, debe haber un nuevo rector antes de que concluya la primera quincena de mayo pr\u00f3ximo.<\/p>\n\n\n\n<p>5. Ante la imposibilidad de una elecci\u00f3n definida por votaci\u00f3n universal \u2014los tiempos simplemente no dan\u2014, queda claro que el proceso de designaci\u00f3n de un nuevo Rector est\u00e1 en manos del Consejo Universitario. \u00c9ste es el \u00fanico \u00f3rgano colegiado con la posibilidad y la legitimidad para impulsar y afianzar un gran acuerdo pol\u00edtico a favor de la Universidad, antes que terminar reaccionando a una injerencia abierta \u2014un manotazo, pues\u2014 de factores externos.<\/p>\n\n\n\n<p>6. Lo que est\u00e1 en juego no es s\u00f3lo la academia, tambi\u00e9n la gobernabilidad de la Universidad. A ese \u00faltimo, no s\u00f3lo deben abonar los actores universitarios, sino tambi\u00e9n los gobiernos estatal y federal. El problema es que todos han guardado silencio. Los \u00fanicos que han hecho manifestaciones, con m\u00e1s candidez que convencimiento, son dos de los seis sindicatos universitarios, que est\u00e1n m\u00e1s preocupados por sus intereses que por respaldar al rector Eduardo Bautista en sus cada vez m\u00e1s complicados esfuerzos por mantener a flote la institucionalidad universitaria. No habr\u00e1 arreglo alguno si no hay manifestaciones pol\u00edticas claras tanto de los \u00e1mbitos de gobierno en la aportaci\u00f3n \u2014econ\u00f3mica y pol\u00edtica\u2014 a la gobernabilidad universitaria, pero en el marco del respeto a su autonom\u00eda acad\u00e9mica y presupuestal.<\/p>\n\n\n\n<p>7. Existen antecedentes concretos de que los consensos a favor de la Universidad s\u00ed son posibles. En 1978 fue impulsado como Rector el hoy extinto Ildefonso Zorrilla Cuevas, a trav\u00e9s de un acuerdo pol\u00edtico impulsado desde el gobierno federal, y avalado por el Gobierno del Estado y los grupos universitarios. De aquel momento de crisis, ocurrido en el contexto del conflicto y la ruptura entre universitarios ocurrida en 1977, surgi\u00f3 un rectorado de consenso \u2014que lleg\u00f3 a buen t\u00e9rmino en 1983\u2014 en el que pes\u00f3 m\u00e1s el reencauzamiento de la Universidad que los recelos entre los grupos y sindicatos de la M\u00e1xima Casa de Estudios.<\/p>\n\n\n\n<p>8. \u00bfH\u00e9ctor Anuar Mafud ser\u00eda un elemento de consenso? \u00c9l ha asumido sus limitantes frente a lo que dicta la Ley Org\u00e1nica de la Universidad, pero no se ha descartado. Parece entender con toda claridad que la decisi\u00f3n final sobre el futuro de la Universidad est\u00e1 en las manos del Consejo Universitario, y as\u00ed lo ha manifestado al tiempo de remarcar que han sido voces dentro y fuera de la Universidad las que lo han mencionado como un posible elemento de transici\u00f3n, pero que \u00e9l s\u00f3lo explorar\u00eda la posibilidad de asumir esa responsabilidad, de existir una definici\u00f3n pac\u00edfica y civilizada para la UABJO, y para Oaxaca.<\/p>\n\n\n\n<p>9. Lamentablemente, todos los que representan facciones de poder al interior de la Universidad, han sido parte de su panorama actual. Para los propios universitarios es dif\u00edcil hallar un liderazgo al interior de la UABJO que genere consenso. La larga lucha entre los mismos factores universitarios hace que unos y otros se descarten y descalifiquen rec\u00edprocamente. Lograr unidad entre ellos, que han sido aliados y adversarios cr\u00f3nicos en los acomodos de cada cuatrienio, parece una labor imposible dado que todos han sido parte del mismo juego.<\/p>\n\n\n\n<p>EPITAFIO<\/p>\n\n\n\n<p>La transici\u00f3n en la Universidad es necesaria y, muy probablemente, impostergable. El primer paso, obligado, en cualquier transici\u00f3n, ser\u00e1 eliminar el voto universal y empujar con toda la fuerza del Estado una nueva Ley Org\u00e1nica para la Universidad. \u00bfSer\u00e1n capaces los universitarios de ponderar el inter\u00e9s general por encima de sus posiciones particulares? En el corto plazo, lo comprobaremos.<\/p>\n\n\n\n<p>http:\/\/columnaalmargen.mx<\/p>\n\n\n\n<p>@columnaalmargen<\/p>\n\n\n\n<p>@ortizromeroc<\/p>\n","protected":false},"excerpt":{"rendered":"<p>Adri\u00e1n Ortiz Romero Cuevas Existen indicios claros de que se avecina un cambio de circunstancias&hellip;<\/p>\n","protected":false},"author":2,"featured_media":36612,"comment_status":"closed","ping_status":"open","sticky":false,"template":"","format":"standard","meta":{"_lmt_disableupdate":"","_lmt_disable":"","_jetpack_memberships_contains_paid_content":false,"footnotes":""},"categories":[456,109],"tags":[2994],"class_list":["post-37963","post","type-post","status-publish","format-standard","has-post-thumbnail","hentry","category-columna","category-minuto-a-minuto","tag-adrian-ortiz-romero-cuevas"],"jetpack_featured_media_url":"https:\/\/zonaroja.com.mx\/wp-content\/uploads\/2022\/01\/Adrian-Ortiz-Romero.jpg","jetpack_sharing_enabled":true,"_links":{"self":[{"href":"https:\/\/zonaroja.com.mx\/index.php?rest_route=\/wp\/v2\/posts\/37963","targetHints":{"allow":["GET"]}}],"collection":[{"href":"https:\/\/zonaroja.com.mx\/index.php?rest_route=\/wp\/v2\/posts"}],"about":[{"href":"https:\/\/zonaroja.com.mx\/index.php?rest_route=\/wp\/v2\/types\/post"}],"author":[{"embeddable":true,"href":"https:\/\/zonaroja.com.mx\/index.php?rest_route=\/wp\/v2\/users\/2"}],"replies":[{"embeddable":true,"href":"https:\/\/zonaroja.com.mx\/index.php?rest_route=%2Fwp%2Fv2%2Fcomments&post=37963"}],"version-history":[{"count":1,"href":"https:\/\/zonaroja.com.mx\/index.php?rest_route=\/wp\/v2\/posts\/37963\/revisions"}],"predecessor-version":[{"id":37964,"href":"https:\/\/zonaroja.com.mx\/index.php?rest_route=\/wp\/v2\/posts\/37963\/revisions\/37964"}],"wp:featuredmedia":[{"embeddable":true,"href":"https:\/\/zonaroja.com.mx\/index.php?rest_route=\/wp\/v2\/media\/36612"}],"wp:attachment":[{"href":"https:\/\/zonaroja.com.mx\/index.php?rest_route=%2Fwp%2Fv2%2Fmedia&parent=37963"}],"wp:term":[{"taxonomy":"category","embeddable":true,"href":"https:\/\/zonaroja.com.mx\/index.php?rest_route=%2Fwp%2Fv2%2Fcategories&post=37963"},{"taxonomy":"post_tag","embeddable":true,"href":"https:\/\/zonaroja.com.mx\/index.php?rest_route=%2Fwp%2Fv2%2Ftags&post=37963"}],"curies":[{"name":"wp","href":"https:\/\/api.w.org\/{rel}","templated":true}]}}