{"id":37967,"date":"2022-02-23T09:00:57","date_gmt":"2022-02-23T15:00:57","guid":{"rendered":"http:\/\/www.zonaroja.com.mx\/?p=37967"},"modified":"2022-02-23T11:31:05","modified_gmt":"2022-02-23T17:31:05","slug":"mexico-el-pais-sin-guerra-mas-peligroso-para-los-periodistas","status":"publish","type":"post","link":"https:\/\/zonaroja.com.mx\/?p=37967","title":{"rendered":"M\u00e9xico, el pa\u00eds sin guerra m\u00e1s peligroso para los periodistas"},"content":{"rendered":"\n<p>Redacci\u00f3n\/Zona Roja Cdmx.<\/p>\n\n\n\n<p>Ciudad de M\u00e9xico, 23 de febrero de 2022.- M\u00e9xico es el pa\u00eds sin conflicto armado m\u00e1s peligroso para la prensa en todo el mundo, advierte la organizaci\u00f3n Reporteros Sin Fronteras (RSF) y alerta sobre el aumento de la violencia contra periodistas y los altos \u00edndices de impunidad.<\/p>\n\n\n\n<p>En su reporte Bajo riesgo: un informe in\u00e9dito de RSF sobre las deficiencias de los mecanismos de protecci\u00f3n a periodistas en Am\u00e9rica Latina, se\u00f1ala que M\u00e9xico concentra el 42 por ciento de los asesinatos de periodistas ocurridos en Latinoam\u00e9rica entre 2011 y 2021.<\/p>\n\n\n\n<p>Asegura que las pol\u00edticas p\u00fablicas implementadas por el gobierno mexicano, a trav\u00e9s del mecanismo de protecci\u00f3n de defensores de derechos humanos y periodistas, no han sido suficientes para frenar la violencia contra la prensa.<\/p>\n\n\n\n<p>Por el contrario, se\u00f1ala que, de acuerdo con organizaciones de la sociedad civil, los ataques a periodistas y defensores de derechos humanos se agravaron con el comienzo del gobierno de Andr\u00e9s Manuel L\u00f3pez Obrador. \u201cPersisten amenazas, agresiones f\u00edsicas y digitales, uso arbitrario del sistema de justicia, desapariciones y asesinatos; se multiplican las campa\u00f1as de desprestigio, el hostigamiento e intimidaci\u00f3n a organizaciones y medios\u201d.<\/p>\n\n\n\n<p>En su informe, RSF explica que en la \u00faltima d\u00e9cada (2011-2020) han ocurrido en M\u00e9xico, Brasil, Honduras y Colombia al menos 139 casos de periodistas y comunicadores asesinados por causas relacionadas con su labor period\u00edstica. \u201cJuntos, estos cuatro pa\u00edses son responsables de alrededor del 80 por ciento de los casos registrados por RSF en Am\u00e9rica Latina durante este periodo (173)\u201d.<\/p>\n\n\n\n<p>Asegura que las autoridades de los m\u00e1s altos niveles en estos pa\u00edses \u201cadoptan y promueven discursos estigmatizantes contra la prensa. Molestos por la cobertura, los comentarios y las posiciones cr\u00edticas, hacen todo lo posible para movilizar el aparato estatal con el objetivo de intimidar, acosar e incluso criminalizar a los periodistas\u201d.<\/p>\n\n\n\n<p>Agrega que, en su gran mayor\u00eda, los periodistas fueron ejecutados de forma premeditada por sicarios profesionales (92 por ciento de los casos), y hab\u00eda pruebas claras de amenazas.<\/p>\n\n\n\n<p>En el caso de M\u00e9xico, la organizaci\u00f3n internacional report\u00f3 74 periodistas asesinados en esa d\u00e9cada.<\/p>\n\n\n\n<p>La cifra no incluye los cinco casos de periodistas asesinados entre enero y febrero pasados, pero RSF s\u00ed dedica unos p\u00e1rrafos al tema, incluso, destaca el caso de Lourdes Maldonado, ejecutada en Tijuana, Baja California, el 23 de enero, pese a estar en el mecanismo de protecci\u00f3n a periodistas.<\/p>\n\n\n\n<p>Explica que, adem\u00e1s de asesinatos hay amenazas, secuestros o detenciones arbitrarias, en las que pueden enfrentarse a procedimientos judiciales abusivos, actos de espionaje o la destrucci\u00f3n de su material de trabajo. Indica que la mayor parte ocurre en estados con alta presencia del crimen organizado. Y en algunas regiones las agresiones son de grupos armados que manten\u00edan v\u00ednculos con pol\u00edticos.<\/p>\n\n\n\n<p>RSF dijo que de las mil 140 investigaciones iniciadas entre 2010 y 2018, s\u00f3lo el 16.3 por ciento termin\u00f3 en procesos o juicios, y de las 10 sentencias logradas, en seis hab\u00eda un servidor p\u00fablico involucrado.<\/p>\n\n\n\n<p>Finalmente, se\u00f1al\u00f3 que los reporteros que cubr\u00edan noticias locales sobre corrupci\u00f3n, narcotr\u00e1fico, violencia, seguridad p\u00fablica y asuntos relacionados, fueron las principales v\u00edctimas de estas agresiones, incluidos los asesinatos.<\/p>\n\n\n\n<p>LOS DATOS M\u00c1S DESTACADOS<\/p>\n\n\n\n<p>RSF tiene registrados en la \u00faltima d\u00e9cada (2011-2021) al menos 139 periodistas asesinados por causas relacionadas con su labor period\u00edstica en M\u00e9xico, Brasil, Honduras y Colombia.<\/p>\n\n\n\n<p>80 por ciento de los cr\u00edmenes contra comunicadores ocurri\u00f3 en Am\u00e9rica Latina, donde se han dado 173 casos.<\/p>\n\n\n\n<p>En ese lapso, en M\u00e9xico han sido asesinados al menos 74 periodistas, cifra que representa 42 por ciento de los cr\u00edmenes ocurridos en Am\u00e9rica Latina.<\/p>\n\n\n\n<p>El reporte revela que 92 por ciento de los periodistas fue ejecutado de forma premeditada por asesinos profesionales y hab\u00eda pruebas de amenazas.<\/p>\n\n\n\n<p>Se\u00f1ala que actualmente cerca de 40 periodistas est\u00e1n fuera de su territorio local, engrosando las filas de desplazamientos forzados por violencia.<\/p>\n\n\n\n<p>Seg\u00fan reportes oficiales, hasta diciembre de 2020 se hab\u00edan registrado 562 ataques a periodistas y mil 55 a defensores protegidos por el mecanismo de protecci\u00f3n.<\/p>\n\n\n\n<p>Seg\u00fan la clasificaci\u00f3n mundial de la Libertad de Prensa 2021 M\u00e9xico se ubica en el lugar 143 de 180 pa\u00edses evaluados.<\/p>\n\n\n\n<p>(Informaci\u00f3n de \u201cEl Financiero\u201d)<\/p>\n","protected":false},"excerpt":{"rendered":"<p>Redacci\u00f3n\/Zona Roja Cdmx. Ciudad de M\u00e9xico, 23 de febrero de 2022.- M\u00e9xico es el pa\u00eds&hellip;<\/p>\n","protected":false},"author":2,"featured_media":6707,"comment_status":"closed","ping_status":"open","sticky":false,"template":"","format":"standard","meta":{"_lmt_disableupdate":"","_lmt_disable":"","_jetpack_memberships_contains_paid_content":false,"footnotes":""},"categories":[109,47],"tags":[],"class_list":["post-37967","post","type-post","status-publish","format-standard","has-post-thumbnail","hentry","category-minuto-a-minuto","category-zona-gris"],"jetpack_featured_media_url":"https:\/\/zonaroja.com.mx\/wp-content\/uploads\/2019\/12\/Violencia-periodistas.jpg","jetpack_sharing_enabled":true,"_links":{"self":[{"href":"https:\/\/zonaroja.com.mx\/index.php?rest_route=\/wp\/v2\/posts\/37967","targetHints":{"allow":["GET"]}}],"collection":[{"href":"https:\/\/zonaroja.com.mx\/index.php?rest_route=\/wp\/v2\/posts"}],"about":[{"href":"https:\/\/zonaroja.com.mx\/index.php?rest_route=\/wp\/v2\/types\/post"}],"author":[{"embeddable":true,"href":"https:\/\/zonaroja.com.mx\/index.php?rest_route=\/wp\/v2\/users\/2"}],"replies":[{"embeddable":true,"href":"https:\/\/zonaroja.com.mx\/index.php?rest_route=%2Fwp%2Fv2%2Fcomments&post=37967"}],"version-history":[{"count":2,"href":"https:\/\/zonaroja.com.mx\/index.php?rest_route=\/wp\/v2\/posts\/37967\/revisions"}],"predecessor-version":[{"id":37969,"href":"https:\/\/zonaroja.com.mx\/index.php?rest_route=\/wp\/v2\/posts\/37967\/revisions\/37969"}],"wp:featuredmedia":[{"embeddable":true,"href":"https:\/\/zonaroja.com.mx\/index.php?rest_route=\/wp\/v2\/media\/6707"}],"wp:attachment":[{"href":"https:\/\/zonaroja.com.mx\/index.php?rest_route=%2Fwp%2Fv2%2Fmedia&parent=37967"}],"wp:term":[{"taxonomy":"category","embeddable":true,"href":"https:\/\/zonaroja.com.mx\/index.php?rest_route=%2Fwp%2Fv2%2Fcategories&post=37967"},{"taxonomy":"post_tag","embeddable":true,"href":"https:\/\/zonaroja.com.mx\/index.php?rest_route=%2Fwp%2Fv2%2Ftags&post=37967"}],"curies":[{"name":"wp","href":"https:\/\/api.w.org\/{rel}","templated":true}]}}