{"id":37972,"date":"2022-02-23T12:40:23","date_gmt":"2022-02-23T18:40:23","guid":{"rendered":"https:\/\/www.zonaroja.com.mx\/?p=37972"},"modified":"2022-02-23T12:40:24","modified_gmt":"2022-02-23T18:40:24","slug":"sin-freno-la-violencia-en-oaxaca-capital-hieren-a-balazos-a-dos-una-es-mujer","status":"publish","type":"post","link":"https:\/\/zonaroja.com.mx\/?p=37972","title":{"rendered":"Sin freno la violencia en Oaxaca capital; hieren a balazos a dos, una es mujer"},"content":{"rendered":"\n<p>Ismael Garc\u00eda\/Zona Roja. <\/p>\n\n\n\n<p>Oaxaca de Ju\u00e1rez, Oax., 23 de febrero de 2022.- Un en\u00e9simo ataque armado se registr\u00f3 la madrugada de este mi\u00e9rcoles en la ciudad de Oaxaca, con saldo de dos personas heridas, una de ellas mujer. <\/p>\n\n\n\n<p>Mientras el secretario de Seguridad del ayuntamiento, Ra\u00fal \u00c1vila, esp\u00eda a periodistas y tolera ataques a la prensa, la ola delictiva crece, frente a la pasividad tambi\u00e9n del edil Francisco Mart\u00ednez Neri, de Morena.&nbsp;<\/p>\n\n\n\n<p>La agresi\u00f3n armada presuntamente fue por parte de elementos de la Agencia Estatal de Investigaciones (AEI) de la Fiscal\u00eda General del Estado de Oaxaca, que habr\u00edan acudido a cobrar \u201cpiso\u201d y a extorsionar, seg\u00fan los afectados.&nbsp;<\/p>\n\n\n\n<p>Alrededor de la una de la ma\u00f1ana de hoy en la parte sur de la Central de Abasto, colindante con la colonia Cocijoeza se registraron los balazos, con saldo de dos lesionados.&nbsp;<\/p>\n\n\n\n<p>Ante el amedrentamiento de los elementos de la AEI, los comerciantes y vecinos los confrontaron, por lo cual para huir, a bordo de un coche tipo Tsuru, los funcionarios de la Fiscal\u00eda accionaron sus armas de fuego. <\/p>\n\n\n\n<p>El saldo fue al menos dos personas, identificadas como Alejandro M. S., de 21 a\u00f1os de edad, y Socorro H. A., de 41 a\u00f1os.&nbsp;<\/p>\n\n\n\n<p>Las v\u00edctimas fueron auxiliadora por param\u00e9dicos de la Cruz Roja Mexicana y trasladadas al Hospital Civil \u201cDr. Aurelio Valdivieso\u201d.<\/p>\n\n\n\n<p>Hasta el momento tanto la Fiscal\u00eda General como el ayuntamiento ha guardado hermetismo sobre el caso. <\/p>\n","protected":false},"excerpt":{"rendered":"<p>Ismael Garc\u00eda\/Zona Roja. Oaxaca de Ju\u00e1rez, Oax., 23 de febrero de 2022.- Un en\u00e9simo ataque&hellip;<\/p>\n","protected":false},"author":2,"featured_media":37971,"comment_status":"closed","ping_status":"open","sticky":false,"template":"","format":"standard","meta":{"_lmt_disableupdate":"","_lmt_disable":"","_jetpack_memberships_contains_paid_content":false,"footnotes":""},"categories":[109,47],"tags":[],"class_list":["post-37972","post","type-post","status-publish","format-standard","has-post-thumbnail","hentry","category-minuto-a-minuto","category-zona-gris"],"jetpack_featured_media_url":"https:\/\/zonaroja.com.mx\/wp-content\/uploads\/2022\/02\/b24d2bbf-b966-43da-bf48-b137c6d9ecc9.jpg","jetpack_sharing_enabled":true,"_links":{"self":[{"href":"https:\/\/zonaroja.com.mx\/index.php?rest_route=\/wp\/v2\/posts\/37972","targetHints":{"allow":["GET"]}}],"collection":[{"href":"https:\/\/zonaroja.com.mx\/index.php?rest_route=\/wp\/v2\/posts"}],"about":[{"href":"https:\/\/zonaroja.com.mx\/index.php?rest_route=\/wp\/v2\/types\/post"}],"author":[{"embeddable":true,"href":"https:\/\/zonaroja.com.mx\/index.php?rest_route=\/wp\/v2\/users\/2"}],"replies":[{"embeddable":true,"href":"https:\/\/zonaroja.com.mx\/index.php?rest_route=%2Fwp%2Fv2%2Fcomments&post=37972"}],"version-history":[{"count":1,"href":"https:\/\/zonaroja.com.mx\/index.php?rest_route=\/wp\/v2\/posts\/37972\/revisions"}],"predecessor-version":[{"id":37973,"href":"https:\/\/zonaroja.com.mx\/index.php?rest_route=\/wp\/v2\/posts\/37972\/revisions\/37973"}],"wp:featuredmedia":[{"embeddable":true,"href":"https:\/\/zonaroja.com.mx\/index.php?rest_route=\/wp\/v2\/media\/37971"}],"wp:attachment":[{"href":"https:\/\/zonaroja.com.mx\/index.php?rest_route=%2Fwp%2Fv2%2Fmedia&parent=37972"}],"wp:term":[{"taxonomy":"category","embeddable":true,"href":"https:\/\/zonaroja.com.mx\/index.php?rest_route=%2Fwp%2Fv2%2Fcategories&post=37972"},{"taxonomy":"post_tag","embeddable":true,"href":"https:\/\/zonaroja.com.mx\/index.php?rest_route=%2Fwp%2Fv2%2Ftags&post=37972"}],"curies":[{"name":"wp","href":"https:\/\/api.w.org\/{rel}","templated":true}]}}