{"id":37977,"date":"2022-02-23T20:33:28","date_gmt":"2022-02-24T02:33:28","guid":{"rendered":"http:\/\/www.zonaroja.com.mx\/?p=37977"},"modified":"2022-02-23T20:33:31","modified_gmt":"2022-02-24T02:33:31","slug":"mas-universitarios-se-suman-contra-intromision-gubernamental-en-la-uabjo","status":"publish","type":"post","link":"https:\/\/zonaroja.com.mx\/?p=37977","title":{"rendered":"M\u00e1s universitarios se suman contra intromisi\u00f3n gubernamental en la UABJO"},"content":{"rendered":"\n<p>Redacci\u00f3n\/Zona Roja.<\/p>\n\n\n\n<p>Oaxaca de Ju\u00e1rez, Oax., 23 de febrero de 2022.- Decenas de catedr\u00e1ticos e investigadores, en servicio y jubilados, se pronunciaron hoy por la defensa de la Universidad Aut\u00f3noma \u201cBenito Ju\u00e1rez\u201d de Oaxaca (UABJO).<\/p>\n\n\n\n<p>\u201cLa autonom\u00eda de nuestra Universidad alcanzada en 1971, y la legalidad en la elecci\u00f3n de rector, hoy nuevamente est\u00e1n en riesgo ante la pretensi\u00f3n del Gobierno del Estado de Oaxaca de imponer en la rector\u00eda de la UABJO al licenciado H\u00e9ctor Anuar Mafud, priista distinguido y exfuncionario p\u00fablico estatal\u201d, exponen.<\/p>\n\n\n\n<p>En un desplegado, rechazan la intromisi\u00f3n gubernamental en asuntos internos de la m\u00e1xima casa de estudios y llaman a toda la comunidad universitaria oaxaque\u00f1a, as\u00ed como a la ANUIES y las universidades p\u00fablicas del pa\u00eds, a impedir que en aras de arreglos pol\u00edticos extramuros, se viole la autonom\u00eda y la Ley Org\u00e1nica.<\/p>\n\n\n\n<p>Por ello, convocaron a los l\u00edderes de las expresiones sindicales de trabajadores acad\u00e9micos y administrativos a integrar un frente com\u00fan en defensa de la UABJO.<\/p>\n\n\n\n<p>Al rector Eduardo Bautista y directores de escuelas, facultades e institutos, a rechazar esta intromisi\u00f3n gubernamental.<\/p>\n\n\n\n<p>Al Consejo Universitario, a refrendar lo ya establecido en la Ley Org\u00e1nica en relaci\u00f3n a los requisitos para aspirar al cargo de rector(a) y a no permitir que desde el poder pol\u00edtico local se usurpen sus funciones.<\/p>\n\n\n\n<p>Entre otros firmantes del pronunciamiento se encuentran Martha Elba Paz L\u00f3pez, Manuel Matus Manzo, Alfonso Gasga Flores, Rodolfo Navarro Jim\u00e9nez, Isidoro Yescas Mart\u00ednez, Jos\u00e9 Antonio S\u00e1nchez Cort\u00e9s.<\/p>\n\n\n\n<p>\u00c1ngel P\u00e9rez Ruiz, Javier S\u00e1nchez Silva, Lenin Francisco Mart\u00ednez Ram\u00edrez, Leticia Dom\u00ednguez Mart\u00ednez, Misael Soriano Ch\u00e1vez, Roberto Mart\u00ednez Neri, Laura Beatriz Mendoza, Hugo S\u00e1nchez Silva, Samael Hern\u00e1ndez Ruiz, por mencionar algunos.<\/p>\n","protected":false},"excerpt":{"rendered":"<p>Redacci\u00f3n\/Zona Roja. Oaxaca de Ju\u00e1rez, Oax., 23 de febrero de 2022.- Decenas de catedr\u00e1ticos e&hellip;<\/p>\n","protected":false},"author":2,"featured_media":37978,"comment_status":"closed","ping_status":"open","sticky":false,"template":"","format":"standard","meta":{"_lmt_disableupdate":"","_lmt_disable":"","_jetpack_memberships_contains_paid_content":false,"footnotes":""},"categories":[109,46],"tags":[239],"class_list":["post-37977","post","type-post","status-publish","format-standard","has-post-thumbnail","hentry","category-minuto-a-minuto","category-zona-blanca","tag-uabjo"],"jetpack_featured_media_url":"https:\/\/zonaroja.com.mx\/wp-content\/uploads\/2022\/02\/Desplegado-universitarios-en-defensa-de-la-autonomia-UABJO.jpg","jetpack_sharing_enabled":true,"_links":{"self":[{"href":"https:\/\/zonaroja.com.mx\/index.php?rest_route=\/wp\/v2\/posts\/37977","targetHints":{"allow":["GET"]}}],"collection":[{"href":"https:\/\/zonaroja.com.mx\/index.php?rest_route=\/wp\/v2\/posts"}],"about":[{"href":"https:\/\/zonaroja.com.mx\/index.php?rest_route=\/wp\/v2\/types\/post"}],"author":[{"embeddable":true,"href":"https:\/\/zonaroja.com.mx\/index.php?rest_route=\/wp\/v2\/users\/2"}],"replies":[{"embeddable":true,"href":"https:\/\/zonaroja.com.mx\/index.php?rest_route=%2Fwp%2Fv2%2Fcomments&post=37977"}],"version-history":[{"count":1,"href":"https:\/\/zonaroja.com.mx\/index.php?rest_route=\/wp\/v2\/posts\/37977\/revisions"}],"predecessor-version":[{"id":37979,"href":"https:\/\/zonaroja.com.mx\/index.php?rest_route=\/wp\/v2\/posts\/37977\/revisions\/37979"}],"wp:featuredmedia":[{"embeddable":true,"href":"https:\/\/zonaroja.com.mx\/index.php?rest_route=\/wp\/v2\/media\/37978"}],"wp:attachment":[{"href":"https:\/\/zonaroja.com.mx\/index.php?rest_route=%2Fwp%2Fv2%2Fmedia&parent=37977"}],"wp:term":[{"taxonomy":"category","embeddable":true,"href":"https:\/\/zonaroja.com.mx\/index.php?rest_route=%2Fwp%2Fv2%2Fcategories&post=37977"},{"taxonomy":"post_tag","embeddable":true,"href":"https:\/\/zonaroja.com.mx\/index.php?rest_route=%2Fwp%2Fv2%2Ftags&post=37977"}],"curies":[{"name":"wp","href":"https:\/\/api.w.org\/{rel}","templated":true}]}}