{"id":37980,"date":"2022-02-23T21:59:18","date_gmt":"2022-02-24T03:59:18","guid":{"rendered":"http:\/\/www.zonaroja.com.mx\/?p=37980"},"modified":"2022-02-23T21:59:21","modified_gmt":"2022-02-24T03:59:21","slug":"congreso-exige-a-sefin-y-cea-culminar-obra-de-agua-potable-en-tuxtepec","status":"publish","type":"post","link":"https:\/\/zonaroja.com.mx\/?p=37980","title":{"rendered":"Congreso exige a Sefin y CEA culminar obra de agua potable en Tuxtepec"},"content":{"rendered":"\n<p>Redacci\u00f3n\/Zona Roja.<\/p>\n\n\n\n<p>San Raymundo Jalpan, Oax. 23 de febrero de 2022.- A propuesta de la presidenta de la Junta de Coordinaci\u00f3n Pol\u00edtica (Jucopo), Laura Estrada Mauro, el Congreso de Oaxaca aprob\u00f3 un punto de acuerdo para exigir al gobierno estatal destine recursos y se concluya la rehabilitaci\u00f3n del sistema de agua potable, sector 1, en San Juan Bautista Tuxtepec.<\/p>\n\n\n\n<p>El llamado es para la Secretar\u00eda de Finanzas (Sefin) y la Comisi\u00f3n Estatal del Agua (CEA), a fin de que prioricen la obra hidr\u00e1ulica, sin que implique un costo mayor al monto presupuestado de 55 millones 837 mil 533 pesos con 95 centavos.<\/p>\n\n\n\n<p>Con 24 votos a favor, las y los diputados consideraron de obvia y urgente resoluci\u00f3n que el Ejecutivo responda a la ciudadan\u00eda tuxtepecana por esta obra inconclusa.<\/p>\n\n\n\n<p>En su participaci\u00f3n en tribuna, la representante popular explic\u00f3 que, con informaci\u00f3n del portal del Comit\u00e9 Ejecutivo de Seguimiento al Ejercicio de los Recursos, la obra presenta un avance del 44 por ciento, cuenta con un expediente t\u00e9cnico publicado, supuestas factibilidades y hasta un cronograma de ejecuci\u00f3n.<\/p>\n\n\n\n<p>Indic\u00f3 que en d\u00edas recientes la CEA dio a conocer que la obra no se concluir\u00e1, alegando falta de recursos e inconsistencias del proyecto.<\/p>\n\n\n\n<p>Sum\u00f3 a estas anomal\u00edas, las distintas quejas ciudadanas relativas a hundimientos, fugas y mala calidad de los trabajos.<\/p>\n\n\n\n<p>Cuestion\u00f3 que este proyecto forma parte de los recursos aprobados hace dos a\u00f1os mediante el Decreto 809, por lo que son injustificables los argumentos de falta de recursos e inviabilidades t\u00e9cnicas.<\/p>\n\n\n\n<p>\u201c\u00bfA qu\u00e9 se debe el incumplimiento a las disposiciones que exigen la existencia de un an\u00e1lisis previo de la capacidad de pago y la inviabilidad de cada proyecto de inversi\u00f3n p\u00fablica que se realiza?\u201d, sostuvo la congresista.<\/p>\n\n\n\n<p>\u201cEsta obra est\u00e1 relacionada con el derecho humano al agua, por ello se hace un en\u00e9rgico llamado, para que de manera inmediata se concluya la obra en tiempo y forma, sin que esto implique mayores montos al erario. El pueblo de Tuxtepec requiere atenci\u00f3n a sus demandas\u201d, finaliz\u00f3.<\/p>\n\n\n\n<figure class=\"wp-block-embed is-type-rich is-provider-twitter wp-block-embed-twitter\"><div class=\"wp-block-embed__wrapper\">\n<div class=\"twitter-tweet\"><blockquote class=\"twitter-tweet\" data-lang=\"es\"><p lang=\"es\" dir=\"ltr\"><a href=\"https:\/\/twitter.com\/hashtag\/%C3%9AltimoMinuto?src=hash&amp;ref_src=twsrc%5Etfw\">#\u00daltimoMinuto<\/a> <br>A propuesta de la diputada <a href=\"https:\/\/twitter.com\/LauraEstradaMau?ref_src=twsrc%5Etfw\">@LauraEstradaMau<\/a>, el pleno del <a href=\"https:\/\/twitter.com\/CongresoOaxaca_?ref_src=twsrc%5Etfw\">@CongresoOaxaca_<\/a> aprob\u00f3 un punto de acuerdo para exigir a la <a href=\"https:\/\/twitter.com\/CEA_GobOax?ref_src=twsrc%5Etfw\">@CEA_GobOax<\/a> y a la <a href=\"https:\/\/twitter.com\/SEFINGobOax?ref_src=twsrc%5Etfw\">@SEFINGobOax<\/a> autoricen recursos y se concluya una obra hidr\u00e1ulica en Tuxtepec. <a href=\"https:\/\/t.co\/fThgC6RgxJ\">pic.twitter.com\/fThgC6RgxJ<\/a><\/p>&mdash; Zona Roja Oaxaca (@ZonaRoja_Oaxaca) <a href=\"https:\/\/twitter.com\/ZonaRoja_Oaxaca\/status\/1496612489278234627?ref_src=twsrc%5Etfw\">23 de febrero de 2022<\/a><\/blockquote><\/div>\n<\/div><\/figure>\n\n\n\n<p>NUEVOS LINEAMIENTOS<\/p>\n\n\n\n<p>Por otra parte, para reducir el riesgo de contagio del virus SARS-CoV-2, diputadas y diputados de la 65 Legislatura aprobaron los lineamientos 2022 del Congreso en materia de salud, por la pandemia derivada del Covid-19.<\/p>\n\n\n\n<p>Ante la emergencia sanitaria que persiste a\u00fan en el estado, la Junta de Coordinaci\u00f3n Pol\u00edtica (Jucopo), presidida por la diputada Laura Estrada Mauro, present\u00f3 el acuerdo parlamentario para garantizar un entorno seguro para las personas en la sede oficial del Poder Legislativo del Estado de Oaxaca.<\/p>\n\n\n\n<p>En ese sentido, la legisladora explic\u00f3 \u201cderivado de la declaraci\u00f3n de esta pandemia, la forma de trabajo y en general la forma de vida de la poblaci\u00f3n a nivel mundial tuvo un giro muy importante, siendo necesario que las autoridades de todos los niveles, emiti\u00e9ramos diversas determinaciones para prevenir, en la medida de lo posible, la propagaci\u00f3n de esta enfermedad\u201d.<\/p>\n\n\n\n<p>Reiter\u00f3 que \u201cbasado en el derecho a la salud de todas las personas, hay que comprender que lo m\u00e1s importante son la salud y la vida de todas y todos, por lo que siempre deber\u00e1n ponderarse como los elementos prioritarios\u201d.<\/p>\n\n\n\n<p>\u201cCon estas acciones se busca no s\u00f3lo que las personas trabajadoras se protejan y cuiden de s\u00ed mismas y de sus familias, sino tambi\u00e9n de mejorar la seguridad en salud del entorno laboral y en los centros de trabajo, as\u00ed como en la corresponsabilidad en el cuidado de la salud\u201d, finaliz\u00f3 Estrada Mauro.<\/p>\n\n\n\n<p>La Junta de Coordinaci\u00f3n Pol\u00edtica est\u00e1 integrada tambi\u00e9n por la diputada Natividad D\u00edaz Jim\u00e9nez y los legisladores V\u00edctor Ra\u00fal Hern\u00e1ndez L\u00f3pez, No\u00e9 Doroteo Castillejos, Alejandro Avil\u00e9s \u00c1lvarez y Samuel Gurri\u00f3n Mat\u00edas.<\/p>\n","protected":false},"excerpt":{"rendered":"<p>Redacci\u00f3n\/Zona Roja. San Raymundo Jalpan, Oax. 23 de febrero de 2022.- A propuesta de la&hellip;<\/p>\n","protected":false},"author":2,"featured_media":37981,"comment_status":"closed","ping_status":"open","sticky":false,"template":"","format":"standard","meta":{"_lmt_disableupdate":"","_lmt_disable":"","_jetpack_memberships_contains_paid_content":false,"footnotes":""},"categories":[109,46],"tags":[3034],"class_list":["post-37980","post","type-post","status-publish","format-standard","has-post-thumbnail","hentry","category-minuto-a-minuto","category-zona-blanca","tag-laura-estrada-mauro"],"jetpack_featured_media_url":"https:\/\/zonaroja.com.mx\/wp-content\/uploads\/2022\/02\/FOTO-1-Aprueban-nuevos-lineamientos-para-evitar-contagios-de-Covid-19-en-el-Congreso-de-Oaxaca.jpg","jetpack_sharing_enabled":true,"_links":{"self":[{"href":"https:\/\/zonaroja.com.mx\/index.php?rest_route=\/wp\/v2\/posts\/37980","targetHints":{"allow":["GET"]}}],"collection":[{"href":"https:\/\/zonaroja.com.mx\/index.php?rest_route=\/wp\/v2\/posts"}],"about":[{"href":"https:\/\/zonaroja.com.mx\/index.php?rest_route=\/wp\/v2\/types\/post"}],"author":[{"embeddable":true,"href":"https:\/\/zonaroja.com.mx\/index.php?rest_route=\/wp\/v2\/users\/2"}],"replies":[{"embeddable":true,"href":"https:\/\/zonaroja.com.mx\/index.php?rest_route=%2Fwp%2Fv2%2Fcomments&post=37980"}],"version-history":[{"count":1,"href":"https:\/\/zonaroja.com.mx\/index.php?rest_route=\/wp\/v2\/posts\/37980\/revisions"}],"predecessor-version":[{"id":37982,"href":"https:\/\/zonaroja.com.mx\/index.php?rest_route=\/wp\/v2\/posts\/37980\/revisions\/37982"}],"wp:featuredmedia":[{"embeddable":true,"href":"https:\/\/zonaroja.com.mx\/index.php?rest_route=\/wp\/v2\/media\/37981"}],"wp:attachment":[{"href":"https:\/\/zonaroja.com.mx\/index.php?rest_route=%2Fwp%2Fv2%2Fmedia&parent=37980"}],"wp:term":[{"taxonomy":"category","embeddable":true,"href":"https:\/\/zonaroja.com.mx\/index.php?rest_route=%2Fwp%2Fv2%2Fcategories&post=37980"},{"taxonomy":"post_tag","embeddable":true,"href":"https:\/\/zonaroja.com.mx\/index.php?rest_route=%2Fwp%2Fv2%2Ftags&post=37980"}],"curies":[{"name":"wp","href":"https:\/\/api.w.org\/{rel}","templated":true}]}}