{"id":37987,"date":"2022-02-23T22:28:21","date_gmt":"2022-02-24T04:28:21","guid":{"rendered":"http:\/\/www.zonaroja.com.mx\/?p=37987"},"modified":"2022-02-23T22:28:25","modified_gmt":"2022-02-24T04:28:25","slug":"ante-ausencia-de-segego-estallan-en-oaxaca-siete-manifestaciones-hoy","status":"publish","type":"post","link":"https:\/\/zonaroja.com.mx\/?p=37987","title":{"rendered":"Ante ausencia de Segego, estallan en Oaxaca siete manifestaciones hoy"},"content":{"rendered":"\n<p>Yuridiana Sosa\/Zona Roja.<\/p>\n\n\n\n<p>Oaxaca de Ju\u00e1rez, Oax., 23 de febrero de 2022.- En la capital de Oaxaca y en la regi\u00f3n del Istmo de Tehuantepec, estallaron hoy siete manifestaciones, con graves afectaciones a la poblaci\u00f3n, resultado de una fallida pol\u00edtica p\u00fablica.<\/p>\n\n\n\n<p>De forma separada, el total de las protestas, refirieron desatenci\u00f3n del Gobierno del Estado, en la que la Secretar\u00eda General de Gobierno es la dependencia que ha incumplido con acuerdos, promesas o simplemente no atiende las demandas.<\/p>\n\n\n\n<p>En el z\u00f3calo y Alameda de Le\u00f3n, donde la presencia de plantones ha causado el desgaste urbano de la ciudad, se concentraron tres protestas de organizaciones sociales, que adem\u00e1s amenazan con m\u00e1s movilizaciones y extender el campamento en la plaza central.<\/p>\n\n\n\n<p>La organizaci\u00f3n \u201cSol Rojo\u201d anunci\u00f3 que a partir del 1 de marzo iniciar\u00e1 una nueva jornada de lucha \u00aben defensa de la vida y los derechos del pueblo\u201d.<\/p>\n\n\n\n<p>El grupo exige la reinstalaci\u00f3n de una mesa de di\u00e1logo con el gobierno estatal y federal para abordar distintos temas de materia social, laboral y de justicia, pero tambi\u00e9n manifestaron su rechazo a megaproyectos que se implementan en la regi\u00f3n del Istmo, como son el corredor interoce\u00e1nico y la subestaci\u00f3n el\u00e9ctrica en San Blas Atempa.<\/p>\n\n\n\n<p>Adem\u00e1s, demandan medidas cautelares para familias Triquis desplazadas de San Miguel Copala, presentaci\u00f3n con vida de luchadores sociales y justicia por asesinatos de compa\u00f1eros.<\/p>\n\n\n\n<p>Por su parte, la Alianza de Pueblos por la Justicia Social, que permanece en plant\u00f3n desde el domingo pasado, apunt\u00f3 que no se retirar\u00e1n hasta ver que los acuerdos con la Segego se materialicen en distintas \u00e1reas, pues est\u00e1n hartos de que \u00e9stos no se cumplan.<\/p>\n\n\n\n<p>Como parte de su protesta, apuntaron, este mi\u00e9rcoles una representaci\u00f3n del movimiento acudi\u00f3 a la ciudad de M\u00e9xico para manifestarse y evidenciar lo que ocurre en Oaxaca con la atenci\u00f3n a los pueblos originarios.<\/p>\n\n\n\n<p>Frente al palacio de gobierno, la organizaci\u00f3n de Antorcha Campesina tambi\u00e9n se inconform\u00f3 de la Secretar\u00eda General de Gobierno, pues no ha cumplido con varios acuerdos logrados ante una jornada de protesta en Ciudad Administrativa.<\/p>\n\n\n\n<p>La dirigencia de esta organizaci\u00f3n se\u00f1al\u00f3 que el gobierno no ha garantizado condiciones para las elecciones en San Pedro Ocopetatillo; contrataci\u00f3n de maestros en el municipio de San Miguel Monteverde y construcci\u00f3n de un complejo deportivo en la colonia Siete Regiones en el municipio de Oaxaca de Ju\u00e1rez.<\/p>\n\n\n\n<figure class=\"wp-block-embed is-type-rich is-provider-twitter wp-block-embed-twitter\"><div class=\"wp-block-embed__wrapper\">\n<div class=\"twitter-tweet\"><blockquote class=\"twitter-tweet\" data-lang=\"es\"><p lang=\"es\" dir=\"ltr\"><a href=\"https:\/\/twitter.com\/hashtag\/%C3%9AltimoMinuto?src=hash&amp;ref_src=twsrc%5Etfw\">#\u00daltimoMinuto<\/a> <br>Sin tregua el conflicto interno en el <a href=\"https:\/\/twitter.com\/STEUABJO?ref_src=twsrc%5Etfw\">@STEUABJO<\/a>.<br>Ahora es la fracci\u00f3n de Ariel Luj\u00e1n P\u00e9rez la que bloquea el bulevar Eduardo Vasconcelos de la ciudad de <a href=\"https:\/\/twitter.com\/hashtag\/Oaxaca?src=hash&amp;ref_src=twsrc%5Etfw\">#Oaxaca<\/a>. <br>Argumenta que es por la reuni\u00f3n para conocer avances en el emplazamiento a huelga. <a href=\"https:\/\/t.co\/BaN6Fnd3w8\">pic.twitter.com\/BaN6Fnd3w8<\/a><\/p>&mdash; Zona Roja Oaxaca (@ZonaRoja_Oaxaca) <a href=\"https:\/\/twitter.com\/ZonaRoja_Oaxaca\/status\/1496541710947598341?ref_src=twsrc%5Etfw\">23 de febrero de 2022<\/a><\/blockquote><\/div>\n<\/div><\/figure>\n\n\n\n<p>SINDICATOS<\/p>\n\n\n\n<p>Por varias horas, el Sindicato de Trabajadores y Empleados de la Universidad \u201cBenito Ju\u00e1rez\u201d de Oaxaca se manifest\u00f3 frente a la Junta Local de Conciliaci\u00f3n y Arbitraje y bloque\u00f3 el bulevar Eduardo Vasconcelos.<\/p>\n\n\n\n<p>El grupo encabezado por el secretario general, Ariel Luj\u00e1n, exigi\u00f3 al gobierno del estado y a la rector\u00eda de la Universidad una mesa de trabajo ante el emplazamiento del estallamiento a huelga, pospuesto para el 8 de marzo.<\/p>\n\n\n\n<p>Mientras que, por la tarde, un grupo del Sindicato \u00danico de Trabajadores del Telebachillerato Comunitario del Estado de Oaxaca (SUTTBCEO), encabezado por Celestino Jim\u00e9nez, bloque\u00f3 la avenida Ju\u00e1rez, frente a Casa Oficial para exigir, supuestamente respeto al contrato colectivo.<\/p>\n\n\n\n<p>El bloque que encabeza Celestino Jim\u00e9nez comenz\u00f3 movilizaciones tras las acusaciones p\u00fablicas y denuncias formales en su contra por acoso laboral y violencia de g\u00e9nero.<\/p>\n\n\n\n<p>Normalistas de la entidad continuaron este mi\u00e9rcoles con sus movilizaciones para exigir al IEEPO 600 plazas por medio de contrataciones directas.<\/p>\n\n\n\n<figure class=\"wp-block-embed is-type-rich is-provider-twitter wp-block-embed-twitter\"><div class=\"wp-block-embed__wrapper\">\n<div class=\"twitter-tweet\"><blockquote class=\"twitter-tweet\" data-lang=\"es\"><p lang=\"es\" dir=\"ltr\"><a href=\"https:\/\/twitter.com\/hashtag\/%C3%9AltimoMinuto?src=hash&amp;ref_src=twsrc%5Etfw\">#\u00daltimoMinuto<\/a> <br>Entre cierre de calles y pestilencia, el centro de la ciudad de <a href=\"https:\/\/twitter.com\/hashtag\/Oaxaca?src=hash&amp;ref_src=twsrc%5Etfw\">#Oaxaca<\/a>, por \u201cplant\u00f3n\u201d de organizaciones sociales y de normalistas. <br>La <a href=\"https:\/\/twitter.com\/SEGEGO_GobOax?ref_src=twsrc%5Etfw\">@SEGEGO_GobOax<\/a>, omisa; el <a href=\"https:\/\/twitter.com\/MunicipioOaxaca?ref_src=twsrc%5Etfw\">@MunicipioOaxaca<\/a> se deslinda conque es tema estatal. <a href=\"https:\/\/t.co\/NPspElOVkX\">pic.twitter.com\/NPspElOVkX<\/a><\/p>&mdash; Zona Roja Oaxaca (@ZonaRoja_Oaxaca) <a href=\"https:\/\/twitter.com\/ZonaRoja_Oaxaca\/status\/1496524577928888321?ref_src=twsrc%5Etfw\">23 de febrero de 2022<\/a><\/blockquote><\/div>\n<\/div><\/figure>\n\n\n\n<p>De forma violenta se apoderaron de autobuses urbanos en el centro de la capital, adem\u00e1s de permanecer en plant\u00f3n sobre la calle de Armenta y L\u00f3pez, frente al edificio de la Secci\u00f3n 22 del Sindicato Nacional de Trabajadores de la Educaci\u00f3n (SNTE).<\/p>\n\n\n\n<p>Por otra parte, en la regi\u00f3n del Istmo de Tehuantepec, se registr\u00f3 el bloqueo de la carretera Panor\u00e1mica por parte de sorgueros, en demanda a la Secretar\u00eda General de Gobierno para que se cumplan con los acuerdos establecidos sobre el pago de programas para este sector.<\/p>\n\n\n\n<p>La afectaci\u00f3n se registr\u00f3 en el tramo Tehuantepec \u2013 Jalapa del Marqu\u00e9s, a la altura del punto conocido como El Caracol.<\/p>\n\n\n\n<p>Es as\u00ed, como los oaxaque\u00f1os encuentran la v\u00eda de poder ser atendidos por las autoridades estatales y encontrar respuestas o soluciones a sus diferentes demandas.<\/p>\n","protected":false},"excerpt":{"rendered":"<p>Yuridiana Sosa\/Zona Roja. Oaxaca de Ju\u00e1rez, Oax., 23 de febrero de 2022.- En la capital&hellip;<\/p>\n","protected":false},"author":2,"featured_media":37988,"comment_status":"closed","ping_status":"open","sticky":false,"template":"","format":"standard","meta":{"_lmt_disableupdate":"","_lmt_disable":"","_jetpack_memberships_contains_paid_content":false,"footnotes":""},"categories":[109,47],"tags":[2254],"class_list":["post-37987","post","type-post","status-publish","format-standard","has-post-thumbnail","hentry","category-minuto-a-minuto","category-zona-gris","tag-protestas-y-bloqueos-oaxaca"],"jetpack_featured_media_url":"https:\/\/zonaroja.com.mx\/wp-content\/uploads\/2022\/02\/Protesta-Telebachilleratos.jpg","jetpack_sharing_enabled":true,"_links":{"self":[{"href":"https:\/\/zonaroja.com.mx\/index.php?rest_route=\/wp\/v2\/posts\/37987","targetHints":{"allow":["GET"]}}],"collection":[{"href":"https:\/\/zonaroja.com.mx\/index.php?rest_route=\/wp\/v2\/posts"}],"about":[{"href":"https:\/\/zonaroja.com.mx\/index.php?rest_route=\/wp\/v2\/types\/post"}],"author":[{"embeddable":true,"href":"https:\/\/zonaroja.com.mx\/index.php?rest_route=\/wp\/v2\/users\/2"}],"replies":[{"embeddable":true,"href":"https:\/\/zonaroja.com.mx\/index.php?rest_route=%2Fwp%2Fv2%2Fcomments&post=37987"}],"version-history":[{"count":1,"href":"https:\/\/zonaroja.com.mx\/index.php?rest_route=\/wp\/v2\/posts\/37987\/revisions"}],"predecessor-version":[{"id":37989,"href":"https:\/\/zonaroja.com.mx\/index.php?rest_route=\/wp\/v2\/posts\/37987\/revisions\/37989"}],"wp:featuredmedia":[{"embeddable":true,"href":"https:\/\/zonaroja.com.mx\/index.php?rest_route=\/wp\/v2\/media\/37988"}],"wp:attachment":[{"href":"https:\/\/zonaroja.com.mx\/index.php?rest_route=%2Fwp%2Fv2%2Fmedia&parent=37987"}],"wp:term":[{"taxonomy":"category","embeddable":true,"href":"https:\/\/zonaroja.com.mx\/index.php?rest_route=%2Fwp%2Fv2%2Fcategories&post=37987"},{"taxonomy":"post_tag","embeddable":true,"href":"https:\/\/zonaroja.com.mx\/index.php?rest_route=%2Fwp%2Fv2%2Ftags&post=37987"}],"curies":[{"name":"wp","href":"https:\/\/api.w.org\/{rel}","templated":true}]}}