{"id":37990,"date":"2022-02-24T07:24:07","date_gmt":"2022-02-24T13:24:07","guid":{"rendered":"http:\/\/www.zonaroja.com.mx\/?p=37990"},"modified":"2022-02-24T07:24:09","modified_gmt":"2022-02-24T13:24:09","slug":"confirma-el-teeo-resoluciones-sobre-precandidatura-y-candidatura-a-gobierno-de-oaxaca","status":"publish","type":"post","link":"https:\/\/zonaroja.com.mx\/?p=37990","title":{"rendered":"Confirma el TEEO resoluciones sobre precandidatura y candidatura a gobierno de Oaxaca"},"content":{"rendered":"\n<p>Redacci\u00f3n\/Zona Roja.<\/p>\n\n\n\n<p>Oaxaca de Ju\u00e1rez, Oax., a 24 de febrero de 2022.- En sesi\u00f3n p\u00fablica, el Pleno del Tribunal Electoral del Estado de Oaxaca (TEEO) confirm\u00f3 anoche las resoluciones de la Comisi\u00f3n Nacional de Honestidad y Justicia de Morena, en los expedientes CNHJ-OAX-2381\/2021 y CNHJ-OAX-009\/2022, relativas a las designaciones de la precandidatura y candidatura a la Gubernatura del Estado de Oaxaca por ese partido pol\u00edtico.<\/p>\n\n\n\n<p>Por unanimidad, la magistrada presidenta, el magistrado y la secretaria de estudio y cuenta en funciones de magistrada resolvieron, en los juicios ciudadanos identificados con las claves: JDC\/19\/2022 y JDC\/43\/2022, que es fundado el agravio formulado por Susana Harp Iturribarr\u00eda, quien se ostenta como militante del partido pol\u00edtico Morena y aspirante a la candidatura a la gubernatura, referentes a que la citada Comisi\u00f3n, fue omisa en analizar la equivalencia funcional entre el nombramiento de Coordinador de los Comit\u00e9s para la Defensa de la Cuarta Transformaci\u00f3n en Oaxaca, y la Precandidatura a la Gubernatura del Estado por parte de ese partido pol\u00edtico.<\/p>\n\n\n\n<p>En consecuencia, el Tribunal, en plenitud de jurisdicci\u00f3n, determin\u00f3 que el referido nombramiento no puede ser considerado como un equivalente funcional a una precandidatura o candidatura, ya que dentro de los documentos b\u00e1sicos de Morena y en particular dentro de sus estatutos, el cargo de coordinador no se encuentra previsto.<\/p>\n\n\n\n<p>Dicho cargo, agreg\u00f3, no tiene establecida funci\u00f3n alguna dentro de la estructura de Morena, por lo que no es dable concluir que este tenga estrictamente la finalidad de fomentar el voto, como incorrectamente lo afirm\u00f3 la accionante; ni tampoco se acredit\u00f3 que la persona en la que recay\u00f3 dicha designaci\u00f3n hubiera realizado actos abusando de dicho nombramiento para posicionar su persona o que esto haya incidido en el proceso de selecci\u00f3n interna.<\/p>\n\n\n\n<p>Por otro lado, respecto a los agravios encaminados a controvertir diversas violaciones durante las etapas del procedimiento interno de selecci\u00f3n de la candidatura, el Pleno del TEEO se\u00f1al\u00f3 que la designaci\u00f3n efectuada por la Comisi\u00f3n de Elecciones de Morena acat\u00f3 los lineamientos en materia de paridad de g\u00e9nero establecidos por el Instituto Nacional Electoral (INE), aunado a que dicha designaci\u00f3n, atendi\u00f3 a elementos objetivos y a la estrategia pol\u00edtica de ese partido pol\u00edtico en el presente proceso electoral, como as\u00ed se hab\u00eda estipulado desde la propia convocatoria.<\/p>\n\n\n\n<p>En cuanto hace al agravio formulado por Harp Iturribarr\u00eda en el sentido de que esta designaci\u00f3n debi\u00f3 atender necesariamente a la alternancia de g\u00e9nero y al contexto hist\u00f3rico de Oaxaca respecto a la postulaci\u00f3n de candidaturas, esta resoluci\u00f3n refiere que tales acciones no encuentran sustento jur\u00eddico, pues dichas reglas no se encontraban contempladas previo al inicio del proceso de selecci\u00f3n interna en ninguna normativa tanto nacional como internacional.<\/p>\n\n\n\n<p>El \u00f3rgano jurisdiccional vincul\u00f3 a la Comisi\u00f3n de Elecciones de Morena para que informe a Susana Harp los razonamientos que sustentaron la calificaci\u00f3n de su solicitud, a fin de garantizar su derecho de acceso a la informaci\u00f3n.<\/p>\n\n\n\n<p>Con esta resoluci\u00f3n, el TEEO dio cumplimiento a la resoluci\u00f3n emitida por la Sala Superior del Tribunal Electoral del Poder Judicial de la Federaci\u00f3n (TEPJF), dentro del expediente identificado con la clave: SUP-JDC-50\/2022.<\/p>\n","protected":false},"excerpt":{"rendered":"<p>Redacci\u00f3n\/Zona Roja. Oaxaca de Ju\u00e1rez, Oax., a 24 de febrero de 2022.- En sesi\u00f3n p\u00fablica,&hellip;<\/p>\n","protected":false},"author":2,"featured_media":37991,"comment_status":"closed","ping_status":"open","sticky":false,"template":"","format":"standard","meta":{"_lmt_disableupdate":"","_lmt_disable":"","_jetpack_memberships_contains_paid_content":false,"footnotes":""},"categories":[109,46],"tags":[2235],"class_list":["post-37990","post","type-post","status-publish","format-standard","has-post-thumbnail","hentry","category-minuto-a-minuto","category-zona-blanca","tag-tribunal-electoral-del-estado-de-oaxaca-teeo"],"jetpack_featured_media_url":"https:\/\/zonaroja.com.mx\/wp-content\/uploads\/2022\/02\/sesion-230222.jpg","jetpack_sharing_enabled":true,"_links":{"self":[{"href":"https:\/\/zonaroja.com.mx\/index.php?rest_route=\/wp\/v2\/posts\/37990","targetHints":{"allow":["GET"]}}],"collection":[{"href":"https:\/\/zonaroja.com.mx\/index.php?rest_route=\/wp\/v2\/posts"}],"about":[{"href":"https:\/\/zonaroja.com.mx\/index.php?rest_route=\/wp\/v2\/types\/post"}],"author":[{"embeddable":true,"href":"https:\/\/zonaroja.com.mx\/index.php?rest_route=\/wp\/v2\/users\/2"}],"replies":[{"embeddable":true,"href":"https:\/\/zonaroja.com.mx\/index.php?rest_route=%2Fwp%2Fv2%2Fcomments&post=37990"}],"version-history":[{"count":1,"href":"https:\/\/zonaroja.com.mx\/index.php?rest_route=\/wp\/v2\/posts\/37990\/revisions"}],"predecessor-version":[{"id":37992,"href":"https:\/\/zonaroja.com.mx\/index.php?rest_route=\/wp\/v2\/posts\/37990\/revisions\/37992"}],"wp:featuredmedia":[{"embeddable":true,"href":"https:\/\/zonaroja.com.mx\/index.php?rest_route=\/wp\/v2\/media\/37991"}],"wp:attachment":[{"href":"https:\/\/zonaroja.com.mx\/index.php?rest_route=%2Fwp%2Fv2%2Fmedia&parent=37990"}],"wp:term":[{"taxonomy":"category","embeddable":true,"href":"https:\/\/zonaroja.com.mx\/index.php?rest_route=%2Fwp%2Fv2%2Fcategories&post=37990"},{"taxonomy":"post_tag","embeddable":true,"href":"https:\/\/zonaroja.com.mx\/index.php?rest_route=%2Fwp%2Fv2%2Ftags&post=37990"}],"curies":[{"name":"wp","href":"https:\/\/api.w.org\/{rel}","templated":true}]}}