{"id":37993,"date":"2022-02-24T07:49:26","date_gmt":"2022-02-24T13:49:26","guid":{"rendered":"http:\/\/www.zonaroja.com.mx\/?p=37993"},"modified":"2022-02-24T11:36:56","modified_gmt":"2022-02-24T17:36:56","slug":"siguen-las-renuncias-en-gobierno-de-martinez-neri","status":"publish","type":"post","link":"https:\/\/zonaroja.com.mx\/?p=37993","title":{"rendered":"Siguen las renuncias en gobierno de Mart\u00ednez Neri"},"content":{"rendered":"\n<p>Redacci\u00f3n\/Informativo 570 <\/p>\n\n\n\n<p>Oaxaca de Ju\u00e1rez, Oax., 24 de febrero de 2022.- A casi dos meses de haber tomado protesta y haber integrado a todo su equipo de trabajo, el edil capitalino Francisco Mart\u00ednez Neri, contin\u00faa con notificaciones de cambios y renuncias de sus funcionarios, ante el descontento que han provocado sus acciones con la ciudadan\u00eda y la base trabajadora.<\/p>\n\n\n\n<p>El primero que fue separado de su cargo, fue el titular de Servicios Municipales, Alejandro Troconis Mart\u00ednez, quien no pudo lidiar con las demandas del Sindicato Independiente \u201c3 de Marzo\u201d y para evitar nuevamente un conflicto con la gremial, se ponder\u00f3 su renuncia.<\/p>\n\n\n\n<p>A este cambio tambi\u00e9n se sum\u00f3 este mi\u00e9rcoles el de Gabriela Flores V\u00e1squez, quien se desempe\u00f1aba como jefa del Departamento de Organizaci\u00f3n de Personal, tras unos roces que tuvo con trabajadores de base y al no aguantar la presi\u00f3n laboral y ser exhibida en medios de comunicaci\u00f3n al otorgar beneficios a sindicatos minoritarios del municipio de Oaxaca de Ju\u00e1rez.<\/p>\n\n\n\n<p>De acuerdo con informaci\u00f3n proporcionado a \u201cInformativo 570\u201d, el ayuntamiento de Oaxaca de Ju\u00e1rez, mantiene tensa su relaci\u00f3n con los l\u00edderes sindicales, ante las preferencias que han mostrado algunos funcionarios de confianza del presidente municipal.<\/p>\n\n\n\n<p>A esta serie de irregularidades al interior de la administraci\u00f3n del mun\u00edcipe Francisco Mart\u00ednez Neri, tambi\u00e9n van en aumento las quejas contra el Comisionado de la Polic\u00eda Municipal, Ra\u00fal \u00c1vila Ibarra, quien ha sido acusado de d\u00e9spota y prepotente con la tropa.<\/p>\n\n\n\n<p>Los polic\u00edas han mencionado que no hay buena relaci\u00f3n con el alto mando, al referir que su primer c\u00edrculo son personas que no son de la ciudad de Oaxaca y que menosprecian la labor de los elementos policiacos.<\/p>\n","protected":false},"excerpt":{"rendered":"<p>Redacci\u00f3n\/Informativo 570 Oaxaca de Ju\u00e1rez, Oax., 24 de febrero de 2022.- A casi dos meses&hellip;<\/p>\n","protected":false},"author":2,"featured_media":19043,"comment_status":"closed","ping_status":"open","sticky":false,"template":"","format":"standard","meta":{"_lmt_disableupdate":"","_lmt_disable":"","_jetpack_memberships_contains_paid_content":false,"footnotes":""},"categories":[109,47],"tags":[2418],"class_list":["post-37993","post","type-post","status-publish","format-standard","has-post-thumbnail","hentry","category-minuto-a-minuto","category-zona-gris","tag-francisco-martinez-neri"],"jetpack_featured_media_url":"https:\/\/zonaroja.com.mx\/wp-content\/uploads\/2020\/10\/Ayuntamiento-Oaxaca-de-Juarez.jpg","jetpack_sharing_enabled":true,"_links":{"self":[{"href":"https:\/\/zonaroja.com.mx\/index.php?rest_route=\/wp\/v2\/posts\/37993","targetHints":{"allow":["GET"]}}],"collection":[{"href":"https:\/\/zonaroja.com.mx\/index.php?rest_route=\/wp\/v2\/posts"}],"about":[{"href":"https:\/\/zonaroja.com.mx\/index.php?rest_route=\/wp\/v2\/types\/post"}],"author":[{"embeddable":true,"href":"https:\/\/zonaroja.com.mx\/index.php?rest_route=\/wp\/v2\/users\/2"}],"replies":[{"embeddable":true,"href":"https:\/\/zonaroja.com.mx\/index.php?rest_route=%2Fwp%2Fv2%2Fcomments&post=37993"}],"version-history":[{"count":2,"href":"https:\/\/zonaroja.com.mx\/index.php?rest_route=\/wp\/v2\/posts\/37993\/revisions"}],"predecessor-version":[{"id":38014,"href":"https:\/\/zonaroja.com.mx\/index.php?rest_route=\/wp\/v2\/posts\/37993\/revisions\/38014"}],"wp:featuredmedia":[{"embeddable":true,"href":"https:\/\/zonaroja.com.mx\/index.php?rest_route=\/wp\/v2\/media\/19043"}],"wp:attachment":[{"href":"https:\/\/zonaroja.com.mx\/index.php?rest_route=%2Fwp%2Fv2%2Fmedia&parent=37993"}],"wp:term":[{"taxonomy":"category","embeddable":true,"href":"https:\/\/zonaroja.com.mx\/index.php?rest_route=%2Fwp%2Fv2%2Fcategories&post=37993"},{"taxonomy":"post_tag","embeddable":true,"href":"https:\/\/zonaroja.com.mx\/index.php?rest_route=%2Fwp%2Fv2%2Ftags&post=37993"}],"curies":[{"name":"wp","href":"https:\/\/api.w.org\/{rel}","templated":true}]}}