{"id":37995,"date":"2022-02-24T07:59:44","date_gmt":"2022-02-24T13:59:44","guid":{"rendered":"http:\/\/www.zonaroja.com.mx\/?p=37995"},"modified":"2022-02-24T07:59:47","modified_gmt":"2022-02-24T13:59:47","slug":"asegura-seccion-22-que-normalistas-han-rechazado-mesas-de-dialogo","status":"publish","type":"post","link":"https:\/\/zonaroja.com.mx\/?p=37995","title":{"rendered":"Asegura Secci\u00f3n 22 que normalistas han rechazado mesas de di\u00e1logo"},"content":{"rendered":"\n<p>Yuridiana Sosa\/Zona Roja.<\/p>\n\n\n\n<p>Oaxaca de Ju\u00e1rez, Oax., 24 de febrero de 2022.- Ante la serie de se\u00f1alamientos y protestas contra la Secci\u00f3n 22 del Sindicato Nacional de Trabajadores de la Educaci\u00f3n (SNTE), por parte de normalistas, el Comit\u00e9 Ejecutivo Seccional acus\u00f3 que existe un rechazo de los estudiantes para realizar un di\u00e1logo abierto, por lo que el movimiento es aprovechado para golpeteo pol\u00edtico.<\/p>\n\n\n\n<p>La dirigencia apunt\u00f3 que la representaci\u00f3n sindical ha propuesto reuniones de trabajo, as\u00ed como encuentros con toda la base de egresados, para ofrecerles informaci\u00f3n directa, pero a los encuentros s\u00f3lo han llegado una representaci\u00f3n.<\/p>\n\n\n\n<p>Adem\u00e1s, la comunicaci\u00f3n ha sido limitada por parte de los estudiantes y misma que s\u00f3lo se ha dado a ra\u00edz del inter\u00e9s de la Secci\u00f3n 22 de la Coordinadora Nacional de Trabajadores de la Educaci\u00f3n.<\/p>\n\n\n\n<p>La dirigencia apunt\u00f3 que se les \u201cinform\u00f3 los alcances de los procedimientos que han realizado derivado de acuerdos con las instancias correspondientes, en los cuales se cubre como requisito el proceso administrativo garantizando la contrataci\u00f3n de la totalidad del estado con estabilidad laboral\u201d, mencion\u00f3 en un comunicado.<\/p>\n\n\n\n<p>Lament\u00f3 que la relaci\u00f3n actual sea ocupada en el terreno medi\u00e1tico y que sea ocupada por algunos para golpeteo pol\u00edtico de quienes desean ocupar estas circunstancias como \u00abgolpeteo pol\u00edtico\u201d entre las actividades del Movimiento Democr\u00e1tico de Trabajadores de la Educaci\u00f3n de Oaxaca (MDTEO).<\/p>\n\n\n\n<p>Desde el martes, los normalistas instalaron tres plantones en sedes de la Secci\u00f3n 22 del SNTE, al acusar que su dirigencia ha abandonado la lucha de las contrataciones de egresados; este mi\u00e9rcoles, el campamento permaneci\u00f3 solo frente al edificio de la gremial en el Centro Hist\u00f3rico de la capital.<\/p>\n\n\n\n<p>En tanto, la ma\u00f1ana de hoy, por en\u00e9sima ocasi\u00f3n, \u201ctoman\u201d autobuses del transporte p\u00fablico en el centro de la ciudad de Oaxaca, para movilizarse.<\/p>\n","protected":false},"excerpt":{"rendered":"<p>Yuridiana Sosa\/Zona Roja. Oaxaca de Ju\u00e1rez, Oax., 24 de febrero de 2022.- Ante la serie&hellip;<\/p>\n","protected":false},"author":2,"featured_media":37996,"comment_status":"closed","ping_status":"open","sticky":false,"template":"","format":"standard","meta":{"_lmt_disableupdate":"","_lmt_disable":"","_jetpack_memberships_contains_paid_content":false,"footnotes":""},"categories":[109,47],"tags":[1916],"class_list":["post-37995","post","type-post","status-publish","format-standard","has-post-thumbnail","hentry","category-minuto-a-minuto","category-zona-gris","tag-protestas-estudiantes-normalistas-de-oaxaca"],"jetpack_featured_media_url":"https:\/\/zonaroja.com.mx\/wp-content\/uploads\/2022\/02\/Planton-normalistas-S22.jpg","jetpack_sharing_enabled":true,"_links":{"self":[{"href":"https:\/\/zonaroja.com.mx\/index.php?rest_route=\/wp\/v2\/posts\/37995","targetHints":{"allow":["GET"]}}],"collection":[{"href":"https:\/\/zonaroja.com.mx\/index.php?rest_route=\/wp\/v2\/posts"}],"about":[{"href":"https:\/\/zonaroja.com.mx\/index.php?rest_route=\/wp\/v2\/types\/post"}],"author":[{"embeddable":true,"href":"https:\/\/zonaroja.com.mx\/index.php?rest_route=\/wp\/v2\/users\/2"}],"replies":[{"embeddable":true,"href":"https:\/\/zonaroja.com.mx\/index.php?rest_route=%2Fwp%2Fv2%2Fcomments&post=37995"}],"version-history":[{"count":1,"href":"https:\/\/zonaroja.com.mx\/index.php?rest_route=\/wp\/v2\/posts\/37995\/revisions"}],"predecessor-version":[{"id":37997,"href":"https:\/\/zonaroja.com.mx\/index.php?rest_route=\/wp\/v2\/posts\/37995\/revisions\/37997"}],"wp:featuredmedia":[{"embeddable":true,"href":"https:\/\/zonaroja.com.mx\/index.php?rest_route=\/wp\/v2\/media\/37996"}],"wp:attachment":[{"href":"https:\/\/zonaroja.com.mx\/index.php?rest_route=%2Fwp%2Fv2%2Fmedia&parent=37995"}],"wp:term":[{"taxonomy":"category","embeddable":true,"href":"https:\/\/zonaroja.com.mx\/index.php?rest_route=%2Fwp%2Fv2%2Fcategories&post=37995"},{"taxonomy":"post_tag","embeddable":true,"href":"https:\/\/zonaroja.com.mx\/index.php?rest_route=%2Fwp%2Fv2%2Ftags&post=37995"}],"curies":[{"name":"wp","href":"https:\/\/api.w.org\/{rel}","templated":true}]}}