{"id":38001,"date":"2022-02-24T08:17:14","date_gmt":"2022-02-24T14:17:14","guid":{"rendered":"http:\/\/www.zonaroja.com.mx\/?p=38001"},"modified":"2022-02-24T08:20:48","modified_gmt":"2022-02-24T14:20:48","slug":"reportan-primeras-muertes-por-guerra-rusia-ucrania","status":"publish","type":"post","link":"https:\/\/zonaroja.com.mx\/?p=38001","title":{"rendered":"Reportan primeras muertes por guerra Rusia-Ucrania"},"content":{"rendered":"\n<p>Redacci\u00f3n\/Zona Roja Cdmx.<\/p>\n\n\n\n<p>Ciudad de M\u00e9xico, 24 de febrero de 2022.- Tras al menos 12 horas de ataques a\u00e9reos y terrestres entre Ucrania y Rusia, ya se registra la muerte de al menos 50 personas, entre civiles y soldados de ambos bandos.<\/p>\n\n\n\n<p>De acuerdo con agencias informativas internacionales, Ucrania inform\u00f3 de al menos ocho muertos y una decena de heridos en las primeras horas de la invasi\u00f3n rusa al pa\u00eds, seg\u00fan inform\u00f3 el asesor del ministerio del Interior, Ant\u00f3n Gueraschenko.<\/p>\n\n\n\n<p>En tanto, el ej\u00e9rcito de Ucrania asegur\u00f3 en un mensaje que mat\u00f3 a cincuenta soldados rusos y derrib\u00f3 seis aviones durante la jornada de combates de este jueves.&nbsp;<\/p>\n\n\n\n<p>Ayer, el presidente ruso, Vladimir Putin, anunci\u00f3 una operaci\u00f3n militar en Ucrania, alegando que su objetivo es proteger a los civiles prorrusos que viven en la regi\u00f3n separatista de Donb\u00e1s.<\/p>\n\n\n\n<p>Kiev, la capital ucraniana, y la segunda ciudad del pa\u00eds, Jarkov, fueron sacudidas en la madrugada del jueves por fuertes explosiones y cortes en la energ\u00eda el\u00e9ctrica.<\/p>\n\n\n\n<p>En un discurso televisado, al mismo tiempo que el Consejo de Seguridad de la ONU sesionaba de manera urgente en Nueva York, el mandatario ruso dijo que la acci\u00f3n se produce en respuesta a las amenazas provenientes de Ucrania.<\/p>\n\n\n\n<p>Agreg\u00f3 que su pa\u00eds no tiene el objetivo de ocupar ese pa\u00eds, pero dej\u00f3 en claro que la responsabilidad del derramamiento de sangre recae en el \u201cr\u00e9gimen\u201d ucraniano.<\/p>\n\n\n\n<p>Advirti\u00f3 a otras naciones que cualquier intento de interferir con la acci\u00f3n rusa conducir\u00eda a \u201cconsecuencias que nunca han visto\u201d.<\/p>\n\n\n\n<p>Acus\u00f3 a Estados Unidos y sus aliados de ignorar la demanda del Kremlin de evitar que Ucrania forme parte de la OTAN y ofrecer garant\u00edas de seguridad a Mosc\u00fa.<\/p>\n\n\n\n<p>\u201cLa operaci\u00f3n militar rusa tiene como objetivo garantizar una desmilitarizaci\u00f3n de Ucrania. Todos los uniformados ucranianos que depongan las armas podr\u00e1n abandonar la zona de combate de manera segura\u201d, asever\u00f3.<\/p>\n\n\n\n<figure class=\"wp-block-embed is-type-rich is-provider-twitter wp-block-embed-twitter\"><div class=\"wp-block-embed__wrapper\">\n<div class=\"twitter-tweet\"><blockquote class=\"twitter-tweet\" data-lang=\"es\"><p lang=\"es\" dir=\"ltr\"><a href=\"https:\/\/twitter.com\/hashtag\/%C3%9AltimoMinuto?src=hash&amp;ref_src=twsrc%5Etfw\">#\u00daltimoMinuto<\/a> <br>Recrudece la guerra entre <a href=\"https:\/\/twitter.com\/hashtag\/Ucrania?src=hash&amp;ref_src=twsrc%5Etfw\">#Ucrania<\/a> y <a href=\"https:\/\/twitter.com\/hashtag\/Rusia?src=hash&amp;ref_src=twsrc%5Etfw\">#Rusia<\/a>. Ya se reportan al menos 50 personas muertas, entre civiles y soldados, as\u00ed como intensos ataques a\u00e9reos y derribo de de aeronaves.<br><br>Video: redes sociales. <a href=\"https:\/\/t.co\/8jgbuq6N3a\">pic.twitter.com\/8jgbuq6N3a<\/a><\/p>&mdash; Zona Roja Oaxaca (@ZonaRoja_Oaxaca) <a href=\"https:\/\/twitter.com\/ZonaRoja_Oaxaca\/status\/1496835102340435974?ref_src=twsrc%5Etfw\">24 de febrero de 2022<\/a><\/blockquote><\/div>\n<\/div><\/figure>\n\n\n\n<p>DEBEN RETIRARSE<\/p>\n\n\n\n<p>El l\u00edder separatista Denis Pushilin, jefe de la Rep\u00fablica Popular de Donetsk, respaldado por Rusia, dijo que las fuerzas ucranianas deber\u00edan retirarse del territorio y llevarse sus armas con ellos.<\/p>\n\n\n\n<p>El presidente de Estados Unidos, Joe Biden, conden\u00f3 a Rusia por un \u201cataque no provocado e injustificado\u201d contra Ucrania.<\/p>\n\n\n\n<p>Anunci\u00f3 que este jueves dar\u00e1 un discurso al pueblo estadounidense despu\u00e9s de una reuni\u00f3n de los l\u00edderes del Grupo de los Siete. Se espera que se anuncien m\u00e1s sanciones contra Rusia.<\/p>\n\n\n\n<p>En la declaraci\u00f3n escrita, Biden agreg\u00f3: \u201cEl presidente Putin ha elegido una guerra premeditada que traer\u00e1 una p\u00e9rdida catastr\u00f3fica de vidas y sufrimiento humano. S\u00f3lo Rusia es responsable de la muerte y destrucci\u00f3n que traer\u00e1 este ataque, y Estados Unidos y sus aliados y socios responder\u00e1n de manera unida y decisiva. El mundo har\u00e1 que Rusia rinda cuentas\u201d.<\/p>\n\n\n\n<p>Ucrania cerr\u00f3 su espacio a\u00e9reo a vuelos civiles, seg\u00fan un anuncio dado a conocer a las tripulaciones a primera hora del jueves.<\/p>\n\n\n\n<p>Poco antes de los ataques de Rusia, el parlamento de Ucrania y otros sitios web gubernamentales y bancarios sufrieron otra ola de ataques de denegaci\u00f3n de servicio distribuidos y los investigadores de seguridad cibern\u00e9tica dijeron que tambi\u00e9n hab\u00edan infectado cientos de computadoras con malware destructivo.<\/p>\n\n\n\n<p>M\u00c9XICO LLAMA A SOLUCI\u00d3N<\/p>\n\n\n\n<p>La representante permanente de M\u00e9xico ante la Organizaci\u00f3n de Naciones Unidas, Alicia Buenrostro, reiter\u00f3 que M\u00e9xico continuar\u00e1 haciendo llamados para llegar a una soluci\u00f3n pac\u00edfica en el conflicto entre Rusia y Ucrania.<\/p>\n\n\n\n<p>\u201cNo claudicaremos en nuestro llamado a la distenci\u00f3n, a la diplomacia y al di\u00e1logo, una soluci\u00f3n diplom\u00e1tica es la \u00fanica v\u00eda que evitar\u00e1 caer en el precipicio que implicar\u00eda una guerra en Europa\u201d, asegur\u00f3.<\/p>\n\n\n\n<p>\u201cM\u00e9xico rechaza el uso de la fuerza, reitera su llamado a una salida pol\u00edtica al conflicto en Ucrania y respalda al secretario General de la ONU en pro de la paz. Trabajamos con otros pa\u00edses para encontrar un espacio de di\u00e1logo\u201d, anot\u00f3 en su cuenta de Twitter, Marcelo Ebrard, secretario de Relaciones Exteriores.<\/p>\n\n\n\n<p>(Informaci\u00f3n de agencias y \u201cEl Financiero\u201d)<\/p>\n","protected":false},"excerpt":{"rendered":"<p>Redacci\u00f3n\/Zona Roja Cdmx. Ciudad de M\u00e9xico, 24 de febrero de 2022.- Tras al menos 12&hellip;<\/p>\n","protected":false},"author":2,"featured_media":38003,"comment_status":"closed","ping_status":"open","sticky":false,"template":"","format":"standard","meta":{"_lmt_disableupdate":"","_lmt_disable":"","_jetpack_memberships_contains_paid_content":false,"footnotes":""},"categories":[109,47],"tags":[3040],"class_list":["post-38001","post","type-post","status-publish","format-standard","has-post-thumbnail","hentry","category-minuto-a-minuto","category-zona-gris","tag-conflicto-ucrania-rusia-2"],"jetpack_featured_media_url":"https:\/\/zonaroja.com.mx\/wp-content\/uploads\/2022\/02\/Guerra-Rusia-Ucrania.jpg","jetpack_sharing_enabled":true,"_links":{"self":[{"href":"https:\/\/zonaroja.com.mx\/index.php?rest_route=\/wp\/v2\/posts\/38001","targetHints":{"allow":["GET"]}}],"collection":[{"href":"https:\/\/zonaroja.com.mx\/index.php?rest_route=\/wp\/v2\/posts"}],"about":[{"href":"https:\/\/zonaroja.com.mx\/index.php?rest_route=\/wp\/v2\/types\/post"}],"author":[{"embeddable":true,"href":"https:\/\/zonaroja.com.mx\/index.php?rest_route=\/wp\/v2\/users\/2"}],"replies":[{"embeddable":true,"href":"https:\/\/zonaroja.com.mx\/index.php?rest_route=%2Fwp%2Fv2%2Fcomments&post=38001"}],"version-history":[{"count":2,"href":"https:\/\/zonaroja.com.mx\/index.php?rest_route=\/wp\/v2\/posts\/38001\/revisions"}],"predecessor-version":[{"id":38005,"href":"https:\/\/zonaroja.com.mx\/index.php?rest_route=\/wp\/v2\/posts\/38001\/revisions\/38005"}],"wp:featuredmedia":[{"embeddable":true,"href":"https:\/\/zonaroja.com.mx\/index.php?rest_route=\/wp\/v2\/media\/38003"}],"wp:attachment":[{"href":"https:\/\/zonaroja.com.mx\/index.php?rest_route=%2Fwp%2Fv2%2Fmedia&parent=38001"}],"wp:term":[{"taxonomy":"category","embeddable":true,"href":"https:\/\/zonaroja.com.mx\/index.php?rest_route=%2Fwp%2Fv2%2Fcategories&post=38001"},{"taxonomy":"post_tag","embeddable":true,"href":"https:\/\/zonaroja.com.mx\/index.php?rest_route=%2Fwp%2Fv2%2Ftags&post=38001"}],"curies":[{"name":"wp","href":"https:\/\/api.w.org\/{rel}","templated":true}]}}