{"id":38006,"date":"2022-02-24T08:22:51","date_gmt":"2022-02-24T14:22:51","guid":{"rendered":"http:\/\/www.zonaroja.com.mx\/?p=38006"},"modified":"2022-02-24T10:18:55","modified_gmt":"2022-02-24T16:18:55","slug":"necesario-construir-un-sistema-de-justicia-incluyente-progresista-participativo","status":"publish","type":"post","link":"https:\/\/zonaroja.com.mx\/?p=38006","title":{"rendered":"Necesario construir un sistema de justicia incluyente, progresista participativo"},"content":{"rendered":"\n<p>Redacci\u00f3n\/Zona Roja.<\/p>\n\n\n\n<p>El Poder Judicial del Estado de Oaxaca formaliz\u00f3 su adhesi\u00f3n al Pacto Nacional por una Justicia Abierta con Perspectiva de G\u00e9nero, iniciativa ciudadana que tiene como objetivo impulsar la construcci\u00f3n de un modelo de justicia abierta que responda a las diferentes realidades, contextos y garantice el derecho de acceso a la informaci\u00f3n judicial en condiciones de igualdad.<\/p>\n\n\n\n<p>En su intervenci\u00f3n en la ceremonia, que tuvo como sede el Tribunal Electoral del Poder Judicial de la Federaci\u00f3n (TEPJF), en la Ciudad de M\u00e9xico y a la que tambi\u00e9n se enlazaron v\u00eda plataforma representantes de Tribunales del pa\u00eds e Institutos de Transparencia locales, el Magistrado Presidente del Tribunal Superior de Justicia y del Consejo de la Judicatura del Estado, puntualiz\u00f3 que suscribir este Pacto es una forma de sumar esfuerzos, recursos y experiencias.<\/p>\n\n\n\n<p>Reconoci\u00f3 que una realidad innegable es que existe una percepci\u00f3n social de poca credibilidad, corrupci\u00f3n y opacidad en los Poderes Judiciales, a pesar de que existen logros, avances e ideas progresistas que se van desarrollando con el prop\u00f3sito de abatir y restringir fen\u00f3menos que laceran a nuestra sociedad, por lo que ante esta situaci\u00f3n el compromiso es sumarse a la implementaci\u00f3n de pol\u00edticas de desarrollo institucional.<\/p>\n\n\n\n<p>\u201cEs necesario que empecemos a construir un sistema de justicia local y federal que sea incluyente, progresista participativo, abierto al escrutinio de la sociedad, por eso es que en el Poder Judicial de Oaxaca con mucho compromiso decidimos suscribir este Pacto por una Justicia Abierta con Perspectiva de G\u00e9nero. Lo hacemos con la firme convicci\u00f3n de qu\u00e9 estamos dando pasos adelante y que es una forma de sumar esfuerzos entre las instituciones y la sociedad civil, sumar recursos y experiencias para ir enfrentando de manera progresiva este fen\u00f3meno que nos afecta de manera general\u201d, dijo.<\/p>\n\n\n\n<p>Luego de manifestar que es necesario superar el imaginario colectivo de que las instituciones y la sociedad civil no pueden trabajar juntos; subray\u00f3 que desde el 2017 Equis, Justicia para las mujeres colabora con el Poder Judicial del Estado y ello llev\u00f3 a que la Uni\u00f3n Europea, en el a\u00f1o 2018, reconociera estos esfuerzos como una buena pr\u00e1ctica.<\/p>\n\n\n\n<p>Asimismo, en el 2021, la instituci\u00f3n recibi\u00f3 un reconocimiento de la Secretar\u00eda de Relaciones Exteriores (SRE), la Agencia Mexicana de Cooperaci\u00f3n Internacional para el Desarrollo (AMEXCID) y la Sociedad Alemana para la Cooperaci\u00f3n Internacional, denominada GIZ (por sus siglas en alem\u00e1n), por las acciones en materia en materia de pluralismo jur\u00eddico. \u201cQueremos seguir en la misma ruta\u201d, indic\u00f3 el titular del Poder Judicial de Oaxaca.<\/p>\n\n\n\n<p>El Pacto Nacional por una Justicia Abierta con Perspectiva de G\u00e9nero fue convocado por EQUIS: Justicia para las Mujeres, en colaboraci\u00f3n con la Asociaci\u00f3n Mexicana de Impartidores de Justicia (AMIJ), la Escuela de Ciencias Sociales y Gobierno del Tecnol\u00f3gico de Monterrey, el Departamento de<\/p>\n\n\n\n<p>Derecho de la Universidad Iberoamericana, el Centro de Investigaci\u00f3n y Docencia Econ\u00f3micas A.C., y m\u00e1s de 50 organizaciones de la sociedad civil.<\/p>\n\n\n\n<p>Cuenta con el respaldo de 11 poderes judiciales, un Tribunal de Justicia Administrativa, un Tribunal Agrario y el Tribunal Electoral del Poder Judicial de la Federaci\u00f3n, el Instituto Nacional de Acceso a la Informaci\u00f3n y Protecci\u00f3n de Datos Personales (INAI) y 26 institutos en la materia de igual n\u00famero de entidades del pa\u00eds.<\/p>\n","protected":false},"excerpt":{"rendered":"<p>Redacci\u00f3n\/Zona Roja. El Poder Judicial del Estado de Oaxaca formaliz\u00f3 su adhesi\u00f3n al Pacto Nacional&hellip;<\/p>\n","protected":false},"author":2,"featured_media":38002,"comment_status":"closed","ping_status":"open","sticky":false,"template":"","format":"standard","meta":{"_lmt_disableupdate":"","_lmt_disable":"","_jetpack_memberships_contains_paid_content":false,"footnotes":""},"categories":[109,46],"tags":[223],"class_list":["post-38006","post","type-post","status-publish","format-standard","has-post-thumbnail","hentry","category-minuto-a-minuto","category-zona-blanca","tag-poder-judicial-de-oaxaca"],"jetpack_featured_media_url":"https:\/\/zonaroja.com.mx\/wp-content\/uploads\/2022\/02\/A-nivel-nacional-se-formalizo-Pacto-por-una-Justicia-Abierta-con-Perspectiva-de-Genero.jpg","jetpack_sharing_enabled":true,"_links":{"self":[{"href":"https:\/\/zonaroja.com.mx\/index.php?rest_route=\/wp\/v2\/posts\/38006","targetHints":{"allow":["GET"]}}],"collection":[{"href":"https:\/\/zonaroja.com.mx\/index.php?rest_route=\/wp\/v2\/posts"}],"about":[{"href":"https:\/\/zonaroja.com.mx\/index.php?rest_route=\/wp\/v2\/types\/post"}],"author":[{"embeddable":true,"href":"https:\/\/zonaroja.com.mx\/index.php?rest_route=\/wp\/v2\/users\/2"}],"replies":[{"embeddable":true,"href":"https:\/\/zonaroja.com.mx\/index.php?rest_route=%2Fwp%2Fv2%2Fcomments&post=38006"}],"version-history":[{"count":1,"href":"https:\/\/zonaroja.com.mx\/index.php?rest_route=\/wp\/v2\/posts\/38006\/revisions"}],"predecessor-version":[{"id":38007,"href":"https:\/\/zonaroja.com.mx\/index.php?rest_route=\/wp\/v2\/posts\/38006\/revisions\/38007"}],"wp:featuredmedia":[{"embeddable":true,"href":"https:\/\/zonaroja.com.mx\/index.php?rest_route=\/wp\/v2\/media\/38002"}],"wp:attachment":[{"href":"https:\/\/zonaroja.com.mx\/index.php?rest_route=%2Fwp%2Fv2%2Fmedia&parent=38006"}],"wp:term":[{"taxonomy":"category","embeddable":true,"href":"https:\/\/zonaroja.com.mx\/index.php?rest_route=%2Fwp%2Fv2%2Fcategories&post=38006"},{"taxonomy":"post_tag","embeddable":true,"href":"https:\/\/zonaroja.com.mx\/index.php?rest_route=%2Fwp%2Fv2%2Ftags&post=38006"}],"curies":[{"name":"wp","href":"https:\/\/api.w.org\/{rel}","templated":true}]}}