{"id":38008,"date":"2022-02-24T10:22:51","date_gmt":"2022-02-24T16:22:51","guid":{"rendered":"http:\/\/www.zonaroja.com.mx\/?p=38008"},"modified":"2022-02-24T10:22:53","modified_gmt":"2022-02-24T16:22:53","slug":"aplican-refuerzo-contra-el-covid-para-internos-de-carceles-de-oaxaca","status":"publish","type":"post","link":"https:\/\/zonaroja.com.mx\/?p=38008","title":{"rendered":"Aplican refuerzo contra el Covid para internos de c\u00e1rceles de Oaxaca"},"content":{"rendered":"\n<p>Redacci\u00f3n\/Zona Roja.<\/p>\n\n\n\n<p>Oaxaca de Ju\u00e1rez, Oax., La Secretar\u00eda de Seguridad P\u00fablica de Oaxaca (SSPO), a trav\u00e9s Sistema Penitenciario Estatal, inici\u00f3 la campa\u00f1a de vacunaci\u00f3n de refuerzo contra la Covid- 19 en los 10 centros de reclusi\u00f3n de la entidad.<\/p>\n\n\n\n<p>Lo anterior con la finalidad de salvaguardar la salud de las Personas Privadas de Libertad (PPL) y de los elementos de seguridad penitenciaria.<\/p>\n\n\n\n<p>La jornada arranc\u00f3 en el Centro Penitenciario de Tuxtepec con la aplicaci\u00f3n de 300 dosis de refuerzo del laboratorio Astra Zeneca y 20 por primera vez de Cansino.<\/p>\n\n\n\n<p>Se aplic\u00f3 a Personas Privadas de Libertad, incluyendo a elementos de seguridad penitenciaria y personal jur\u00eddico y administrativo.<\/p>\n\n\n\n<p>La SSPO indic\u00f3 que la jornada de vacunaci\u00f3n continuar\u00e1 en los nueve centros penitenciarios restantes para garantizar el derecho a la salud de la poblaci\u00f3n penitenciaria durante su proceso de reinserci\u00f3n social.<\/p>\n\n\n\n<p>Asimismo, recalc\u00f3 que desde el inici\u00f3 de la pandemia de Covid-19, han trabajado coordinadamente con la Secretar\u00eda de Salud en labores de prevenci\u00f3n para evitar contagios entre las Personas Privadas de la Libertad (PPL).<\/p>\n","protected":false},"excerpt":{"rendered":"<p>Redacci\u00f3n\/Zona Roja. Oaxaca de Ju\u00e1rez, Oax., La Secretar\u00eda de Seguridad P\u00fablica de Oaxaca (SSPO), a&hellip;<\/p>\n","protected":false},"author":2,"featured_media":38009,"comment_status":"closed","ping_status":"open","sticky":false,"template":"","format":"standard","meta":{"_lmt_disableupdate":"","_lmt_disable":"","_jetpack_memberships_contains_paid_content":false,"footnotes":""},"categories":[109,46],"tags":[1421],"class_list":["post-38008","post","type-post","status-publish","format-standard","has-post-thumbnail","hentry","category-minuto-a-minuto","category-zona-blanca","tag-secretaria-de-seguridad-publica-de-oaxaca-sspo"],"jetpack_featured_media_url":"https:\/\/zonaroja.com.mx\/wp-content\/uploads\/2022\/02\/SSPO-refuerzo-vacuna-presos.jpg","jetpack_sharing_enabled":true,"_links":{"self":[{"href":"https:\/\/zonaroja.com.mx\/index.php?rest_route=\/wp\/v2\/posts\/38008","targetHints":{"allow":["GET"]}}],"collection":[{"href":"https:\/\/zonaroja.com.mx\/index.php?rest_route=\/wp\/v2\/posts"}],"about":[{"href":"https:\/\/zonaroja.com.mx\/index.php?rest_route=\/wp\/v2\/types\/post"}],"author":[{"embeddable":true,"href":"https:\/\/zonaroja.com.mx\/index.php?rest_route=\/wp\/v2\/users\/2"}],"replies":[{"embeddable":true,"href":"https:\/\/zonaroja.com.mx\/index.php?rest_route=%2Fwp%2Fv2%2Fcomments&post=38008"}],"version-history":[{"count":1,"href":"https:\/\/zonaroja.com.mx\/index.php?rest_route=\/wp\/v2\/posts\/38008\/revisions"}],"predecessor-version":[{"id":38010,"href":"https:\/\/zonaroja.com.mx\/index.php?rest_route=\/wp\/v2\/posts\/38008\/revisions\/38010"}],"wp:featuredmedia":[{"embeddable":true,"href":"https:\/\/zonaroja.com.mx\/index.php?rest_route=\/wp\/v2\/media\/38009"}],"wp:attachment":[{"href":"https:\/\/zonaroja.com.mx\/index.php?rest_route=%2Fwp%2Fv2%2Fmedia&parent=38008"}],"wp:term":[{"taxonomy":"category","embeddable":true,"href":"https:\/\/zonaroja.com.mx\/index.php?rest_route=%2Fwp%2Fv2%2Fcategories&post=38008"},{"taxonomy":"post_tag","embeddable":true,"href":"https:\/\/zonaroja.com.mx\/index.php?rest_route=%2Fwp%2Fv2%2Ftags&post=38008"}],"curies":[{"name":"wp","href":"https:\/\/api.w.org\/{rel}","templated":true}]}}