{"id":38011,"date":"2022-02-24T10:27:50","date_gmt":"2022-02-24T16:27:50","guid":{"rendered":"http:\/\/www.zonaroja.com.mx\/?p=38011"},"modified":"2022-02-24T10:27:53","modified_gmt":"2022-02-24T16:27:53","slug":"demanda-diputada-que-no-desaparezcan-instituto-nacional-de-lenguas-indigenas","status":"publish","type":"post","link":"https:\/\/zonaroja.com.mx\/?p=38011","title":{"rendered":"Demanda diputada que no desaparezcan Instituto Nacional de Lenguas Ind\u00edgenas"},"content":{"rendered":"\n<p>Redacci\u00f3n\/Zona Roja.<\/p>\n\n\n\n<p>Oaxaca de Ju\u00e1rez, Oax., 24 de febrero de 2022.- La presidenta de la Mesa Directiva de la 65 legislatura, Mariana Ben\u00edtez Tiburcio, present\u00f3 un Punto de Acuerdo por el que exhort\u00f3 al Instituto Nacional de Lenguas Ind\u00edgenas (INALI), a destinar mayores recursos econ\u00f3micos, humanos y de infraestructura para el desarrollo de una estrategia digital de conservaci\u00f3n, promoci\u00f3n y revitalizaci\u00f3n de las lenguas ind\u00edgenas en el estado.<\/p>\n\n\n\n<p>Asimismo, demand\u00f3 al Gobierno Federal y a la C\u00e1mara de Diputados del Congreso de la Uni\u00f3n, a conservar al INALI como organismo descentralizado de la administraci\u00f3n p\u00fablica federal, ante la posibilidad de que dicho organismo sea desaparecido por razones de austeridad.<\/p>\n\n\n\n<p>Solicit\u00f3 a la C\u00e1mara de Diputados garantice que en el paquete fiscal para el 2023 se considere un aumento en el presupuesto del INALI a fin de que \u00e9ste pueda cumplir cabalmente con sus atribuciones y en particular desarrolle estrategias digitales para mantener vivas las lenguas maternas oaxaque\u00f1as que son el soporte cultural de M\u00e9xico.<\/p>\n\n\n\n<p>\u201cLa lengua materna representa nuestra primera herramienta para interpretar al mundo y cumple al menos tres funciones esenciales: es un instrumento comunicativo, es un mecanismo de cohesi\u00f3n social para formar comunidad, y nos permite el desarrollo de las capacidades intelectuales para el ser humano\u201d, dijo en su intervenci\u00f3n la congresista oaxaque\u00f1a.<\/p>\n\n\n\n<figure class=\"wp-block-embed is-type-rich is-provider-twitter wp-block-embed-twitter\"><div class=\"wp-block-embed__wrapper\">\n<div class=\"twitter-tweet\"><blockquote class=\"twitter-tweet\" data-lang=\"es\"><p lang=\"es\" dir=\"ltr\"><a href=\"https:\/\/twitter.com\/hashtag\/%C3%9AltimoMinuto?src=hash&amp;ref_src=twsrc%5Etfw\">#\u00daltimoMinuto<\/a><br>En el marco del D\u00eda Internacional de la Lengua Materna, la diputada <a href=\"https:\/\/twitter.com\/marianabenitezt?ref_src=twsrc%5Etfw\">@marianabenitezt<\/a> present\u00f3 hoy un Punto de Acuerdo para exhortar al <a href=\"https:\/\/twitter.com\/INALIMEXICO?ref_src=twsrc%5Etfw\">@INALIMEXICO<\/a> destine m\u00e1s recursos a la conservaci\u00f3n de lenguas originarias; al gobierno federal, evite su extinci\u00f3n. <a href=\"https:\/\/t.co\/ZLfcdxNx5n\">pic.twitter.com\/ZLfcdxNx5n<\/a><\/p>&mdash; Zona Roja Oaxaca (@ZonaRoja_Oaxaca) <a href=\"https:\/\/twitter.com\/ZonaRoja_Oaxaca\/status\/1496623074476703746?ref_src=twsrc%5Etfw\">23 de febrero de 2022<\/a><\/blockquote><\/div>\n<\/div><\/figure>\n\n\n\n<p>Ante el pleno del Congreso expres\u00f3 que \u201cdebido a prejuicios y necesidades sociales, en la comunidad humana ha prevalecido el uso de las lenguas pol\u00edticamente dominantes y, ante ello, los pueblos ind\u00edgenas tienden a abandonar diariamente su lengua por la poca funcionalidad que les representa para cumplir con las tareas diarias y participar activamente en la vida pol\u00edtica, social, econ\u00f3mica y cultural de la sociedad\u201d.<\/p>\n\n\n\n<p>Ben\u00edtez Tiburcio destac\u00f3 que la ONU ha estimado que alrededor del 43% de las lenguas en el mundo est\u00e1n en peligro de desaparecer, es decir, puede calcularse que cada dos semanas, como promedio, una lengua tiende a desaparecer, extinguiendo as\u00ed todo su patrimonio cultural.<\/p>\n\n\n\n<p>En M\u00e9xico, las lenguas que se encuentran en peligro extremo de extinci\u00f3n son las ku\u2019ahl y kiliwa de Baja California; awakateko de Campeche, mocho\u00b4 de Chiapas; ayapaneco de Tabasco; ixil nebaje\u00f1o y kaqchikel de Quintana Roo; zapoteco de Mixtepec, e ixcateco y zapoteco de San Felipe Tejal\u00e1pam de Oaxaca.<\/p>\n\n\n\n<p>Por su parte, la Secretar\u00eda de Asuntos Ind\u00edgenas ha se\u00f1alado que en nuestro Estado agonizan las lenguas ixcateco, zoque, amuzgo, chocholteco y chontal.<\/p>\n\n\n\n<p>Es por ello que la diputada llam\u00f3 a las compa\u00f1eras y compa\u00f1eros diputados a sumarse a su proposici\u00f3n con punto de acuerdo para hacer de la promoci\u00f3n, respeto y preservaci\u00f3n de las lenguas una prioridad en el estado de Oaxaca.<\/p>\n","protected":false},"excerpt":{"rendered":"<p>Redacci\u00f3n\/Zona Roja. Oaxaca de Ju\u00e1rez, Oax., 24 de febrero de 2022.- La presidenta de la&hellip;<\/p>\n","protected":false},"author":2,"featured_media":38012,"comment_status":"closed","ping_status":"open","sticky":false,"template":"","format":"standard","meta":{"_lmt_disableupdate":"","_lmt_disable":"","_jetpack_memberships_contains_paid_content":false,"footnotes":""},"categories":[109,46],"tags":[2969],"class_list":["post-38011","post","type-post","status-publish","format-standard","has-post-thumbnail","hentry","category-minuto-a-minuto","category-zona-blanca","tag-mariana-benitez-tiburcio"],"jetpack_featured_media_url":"https:\/\/zonaroja.com.mx\/wp-content\/uploads\/2022\/02\/image0.jpeg","jetpack_sharing_enabled":true,"_links":{"self":[{"href":"https:\/\/zonaroja.com.mx\/index.php?rest_route=\/wp\/v2\/posts\/38011","targetHints":{"allow":["GET"]}}],"collection":[{"href":"https:\/\/zonaroja.com.mx\/index.php?rest_route=\/wp\/v2\/posts"}],"about":[{"href":"https:\/\/zonaroja.com.mx\/index.php?rest_route=\/wp\/v2\/types\/post"}],"author":[{"embeddable":true,"href":"https:\/\/zonaroja.com.mx\/index.php?rest_route=\/wp\/v2\/users\/2"}],"replies":[{"embeddable":true,"href":"https:\/\/zonaroja.com.mx\/index.php?rest_route=%2Fwp%2Fv2%2Fcomments&post=38011"}],"version-history":[{"count":1,"href":"https:\/\/zonaroja.com.mx\/index.php?rest_route=\/wp\/v2\/posts\/38011\/revisions"}],"predecessor-version":[{"id":38013,"href":"https:\/\/zonaroja.com.mx\/index.php?rest_route=\/wp\/v2\/posts\/38011\/revisions\/38013"}],"wp:featuredmedia":[{"embeddable":true,"href":"https:\/\/zonaroja.com.mx\/index.php?rest_route=\/wp\/v2\/media\/38012"}],"wp:attachment":[{"href":"https:\/\/zonaroja.com.mx\/index.php?rest_route=%2Fwp%2Fv2%2Fmedia&parent=38011"}],"wp:term":[{"taxonomy":"category","embeddable":true,"href":"https:\/\/zonaroja.com.mx\/index.php?rest_route=%2Fwp%2Fv2%2Fcategories&post=38011"},{"taxonomy":"post_tag","embeddable":true,"href":"https:\/\/zonaroja.com.mx\/index.php?rest_route=%2Fwp%2Fv2%2Ftags&post=38011"}],"curies":[{"name":"wp","href":"https:\/\/api.w.org\/{rel}","templated":true}]}}