{"id":38016,"date":"2022-02-24T19:47:48","date_gmt":"2022-02-25T01:47:48","guid":{"rendered":"http:\/\/www.zonaroja.com.mx\/?p=38016"},"modified":"2022-02-24T19:47:51","modified_gmt":"2022-02-25T01:47:51","slug":"confirma-susana-harp-que-recurrira-de-nuevo-a-sala-superior-del-tepjf","status":"publish","type":"post","link":"https:\/\/zonaroja.com.mx\/?p=38016","title":{"rendered":"Confirma Susana Harp que recurrir\u00e1 de nuevo a Sala Superior del TEPJF"},"content":{"rendered":"\n<p>Redacci\u00f3n\/Zona Roja.<\/p>\n\n\n\n<p>Oaxaca de Ju\u00e1rez, Oax., 24 de febrero de 2022.- Luego de que el Tribunal Estatal Electoral de Oaxaca (TEEO) declarara infundada la impugnaci\u00f3n que present\u00f3 la senadora Susana Harp Iturribarr\u00eda al proceso interno de Morena, en donde se defini\u00f3 la candidatura al gobierno del estado, la congresista indic\u00f3 que el proceso jur\u00eddico regresa a la Sala Superior Tribunal Electoral del Poder Judicial de la Federaci\u00f3n (TEPJF) y que contin\u00faa su lucha para hacer valer la igualdad sustantiva.<\/p>\n\n\n\n<p>En entrevista, se\u00f1al\u00f3 que las y los magistrados del TEEO, perdieron la oportunidad de dejar precedentes, en la lucha hist\u00f3rica que miles de mujeres han construido para garantizar sus derechos pol\u00edtico electorales.<\/p>\n\n\n\n<p>\u201cVamos a continuar, vamos de regreso a la Sala Superior, nosotros nos podemos inconformar, pues el TEEO no&nbsp; entr\u00f3 nuevamente a fondo ni con perspectiva de g\u00e9nero como lo hab\u00eda solicitado por unanimidad la Sala Superior,&nbsp; esta resoluci\u00f3n es a todas luces impugnable y la llevaremos a la Sala Superior del TEPJF. Se trata de un tema de \u00e9tica y congruencia; nada ni nadie por encima de los derechos de las mujeres\u201d, expres\u00f3 la morenista.<\/p>\n\n\n\n<p>La tambi\u00e9n aspirante a ser la candidata a la gubernatura de Oaxaca por Morena, indic\u00f3 que ve\u00eda venir que el TEEO, hiciera un proyecto a modo y que eso ocurri\u00f3. Lament\u00f3 que las instituciones puedan estar tan cercanas a intereses que pretenden lastimar profundamente a Oaxaca.<\/p>\n\n\n\n<figure class=\"wp-block-embed is-type-rich is-provider-twitter wp-block-embed-twitter\"><div class=\"wp-block-embed__wrapper\">\n<div class=\"twitter-tweet\"><blockquote class=\"twitter-tweet\" data-lang=\"es\"><p lang=\"es\" dir=\"ltr\">Regresaremos a la Sala Superior. Esto contin\u00faa !<\/p>&mdash; Susana Harp Iturribarr\u00eda (@SusanaHarp) <a href=\"https:\/\/twitter.com\/SusanaHarp\/status\/1496688281408442368?ref_src=twsrc%5Etfw\">24 de febrero de 2022<\/a><\/blockquote><\/div>\n<\/div><\/figure>\n\n\n\n<p>Explic\u00f3 que lo que est\u00e1 solicitando a trav\u00e9s de la impugnaci\u00f3n que present\u00f3 es que se revise el proceso interno de Morena: \u201cyo no estoy contra nadie, no estoy pidiendo la cabeza de nadie, estoy pidiendo que se revise si la&nbsp; convocatoria&nbsp; de Morena fue respetada en sus bases y en las propias reglas, que el mismo Morena puso como condiciones de que todos los aspirantes, y todas las aspirantes deb\u00edamos cumplir, yo estoy segura de que eso no ocurri\u00f3, y por eso voy a continuar\u201d, a\u00f1adi\u00f3 Harp Iturribarr\u00eda.<\/p>\n\n\n\n<p>Fue enf\u00e1tica al decir que se trata de&nbsp; un tema de verdad, un tema de legalidad, constitucional. Confi\u00f3 en que la Sala Superior del TEPJF, haga valer la reforma que garantiza la paridad en todo, la cual dijo, vot\u00f3 en 2019.<\/p>\n\n\n\n<p>\u201cYa vimos la semana pasada que hubo una votaci\u00f3n a favor de que el proyecto fuera revisado, y pidieron al TEEO que lo hiciera con perspectiva de g\u00e9nero. Si yo hubiera estado tan errada, yo hubiera inventado argumentos, me parece que no hubiera habido esta votaci\u00f3n tan contundente de la Sala Superior, los siete magistrados, dos mujeres y cinco hombres votaron a favor de mi proyecto y vamos a esperar a ver qu\u00e9 pasa\u201d agreg\u00f3.<\/p>\n\n\n\n<p>Finalmente, asegur\u00f3 que va a respetar la resoluci\u00f3n que emita la&nbsp; Sala Superior Tribunal Electoral del Poder Judicial de la Federaci\u00f3n (TEPJF) y que conf\u00eda en que sus compa\u00f1eros del Partido Morena tambi\u00e9n acaten el dictamen de dicha instancia jur\u00eddica.<\/p>\n","protected":false},"excerpt":{"rendered":"<p>Redacci\u00f3n\/Zona Roja. Oaxaca de Ju\u00e1rez, Oax., 24 de febrero de 2022.- Luego de que el&hellip;<\/p>\n","protected":false},"author":2,"featured_media":38017,"comment_status":"closed","ping_status":"open","sticky":false,"template":"","format":"standard","meta":{"_lmt_disableupdate":"","_lmt_disable":"","_jetpack_memberships_contains_paid_content":false,"footnotes":""},"categories":[109,46],"tags":[1685],"class_list":["post-38016","post","type-post","status-publish","format-standard","has-post-thumbnail","hentry","category-minuto-a-minuto","category-zona-blanca","tag-susana-harp-iturribarria"],"jetpack_featured_media_url":"https:\/\/zonaroja.com.mx\/wp-content\/uploads\/2022\/02\/SSHTEEO1.jpeg","jetpack_sharing_enabled":true,"_links":{"self":[{"href":"https:\/\/zonaroja.com.mx\/index.php?rest_route=\/wp\/v2\/posts\/38016","targetHints":{"allow":["GET"]}}],"collection":[{"href":"https:\/\/zonaroja.com.mx\/index.php?rest_route=\/wp\/v2\/posts"}],"about":[{"href":"https:\/\/zonaroja.com.mx\/index.php?rest_route=\/wp\/v2\/types\/post"}],"author":[{"embeddable":true,"href":"https:\/\/zonaroja.com.mx\/index.php?rest_route=\/wp\/v2\/users\/2"}],"replies":[{"embeddable":true,"href":"https:\/\/zonaroja.com.mx\/index.php?rest_route=%2Fwp%2Fv2%2Fcomments&post=38016"}],"version-history":[{"count":1,"href":"https:\/\/zonaroja.com.mx\/index.php?rest_route=\/wp\/v2\/posts\/38016\/revisions"}],"predecessor-version":[{"id":38019,"href":"https:\/\/zonaroja.com.mx\/index.php?rest_route=\/wp\/v2\/posts\/38016\/revisions\/38019"}],"wp:featuredmedia":[{"embeddable":true,"href":"https:\/\/zonaroja.com.mx\/index.php?rest_route=\/wp\/v2\/media\/38017"}],"wp:attachment":[{"href":"https:\/\/zonaroja.com.mx\/index.php?rest_route=%2Fwp%2Fv2%2Fmedia&parent=38016"}],"wp:term":[{"taxonomy":"category","embeddable":true,"href":"https:\/\/zonaroja.com.mx\/index.php?rest_route=%2Fwp%2Fv2%2Fcategories&post=38016"},{"taxonomy":"post_tag","embeddable":true,"href":"https:\/\/zonaroja.com.mx\/index.php?rest_route=%2Fwp%2Fv2%2Ftags&post=38016"}],"curies":[{"name":"wp","href":"https:\/\/api.w.org\/{rel}","templated":true}]}}