{"id":3802,"date":"2019-09-09T14:17:19","date_gmt":"2019-09-09T19:17:19","guid":{"rendered":"https:\/\/www.zonaroja.com.mx\/?p=3802"},"modified":"2019-09-09T14:17:51","modified_gmt":"2019-09-09T19:17:51","slug":"lunes-sangriento-ejecutan-a-dos-personas-en-la-ciudad-de-tuxtepec","status":"publish","type":"post","link":"https:\/\/zonaroja.com.mx\/?p=3802","title":{"rendered":"Lunes sangriento: ejecutan a dos personas en la ciudad de Tuxtepec"},"content":{"rendered":"\n<p>Redacci\u00f3n\/Zona Roja. <\/p>\n\n\n\n<p>Oaxaca de Ju\u00e1rez, Oax., 9 de septiembre de 2019.- Mientras el gobernador Alejandro Murat sesionaba en la capital con el gabinete de seguridad y autoridades federales, en el centro de San Juan Bautista Tuxtepec fueron asesinada a balazos dos personas, una de ellas funcionario del ayuntamiento. <\/p>\n\n\n\n<p><div class=\"twitter-tweet\"><blockquote class=\"twitter-tweet\" data-lang=\"es\"><p lang=\"es\" dir=\"ltr\">En la construcci\u00f3n de un <a href=\"https:\/\/twitter.com\/hashtag\/OaxacaSeguro?src=hash&amp;ref_src=twsrc%5Etfw\">#OaxacaSeguro<\/a>, la suma de esfuerzos es vital; por eso, los \u00f3rdenes de gobierno asumimos con responsabilidad la tarea de garantizar estabilidad y paz en el territorio, las reuniones de seguridad nos ayudan a fortalecer nuestras acciones. <a href=\"https:\/\/t.co\/99FYrl2SE0\">pic.twitter.com\/99FYrl2SE0<\/a><\/p>&mdash; Alejandro Murat (@alejandromurat) <a href=\"https:\/\/twitter.com\/alejandromurat\/status\/1171081504677597186?ref_src=twsrc%5Etfw\">9 de septiembre de 2019<\/a><\/blockquote><\/div><\/p>\n\n\n\n<p>El individuo identificado como Mart\u00edn Torrecilla Gamboa fue ultimado a balazos sobre el bulevar Manuel \u00c1vila Camacho, cerca del centro de la ciudad. Se inform\u00f3 que era trabajador del ayuntamiento, operador de maquinaria pesada y estaba afiliado al sindicato \u201c12 de julio\u201d. <\/p>\n\n\n\n<p>Hasta el momento no hay personas detenidas ni se tienen pistas del o los probables autores del homicidio. <\/p>\n\n\n\n<p>Poco despu\u00e9s de ese hecho, se report\u00f3 un ataque armado en inmediaciones de la unidad deportiva, donde supuestamente hab\u00edan asesinado a otra persona, hasta el momento a\u00fan no ha sido identificada. <\/p>\n\n\n\n<p><div class=\"twitter-tweet\"><blockquote class=\"twitter-tweet\" data-lang=\"es\"><p lang=\"es\" dir=\"ltr\">Con el objetivo de fortalecer las estrategias de prevenci\u00f3n del delito y disuasi\u00f3n de la violencia; nuestro titular, Ernesto Salcedo, suma acciones y esfuerzos con autoridades municipales de la <a href=\"https:\/\/twitter.com\/hashtag\/Cuenca?src=hash&amp;ref_src=twsrc%5Etfw\">#Cuenca<\/a>. <a href=\"https:\/\/twitter.com\/hashtag\/Oaxaca?src=hash&amp;ref_src=twsrc%5Etfw\">#Oaxaca<\/a> <a href=\"https:\/\/twitter.com\/alejandromurat?ref_src=twsrc%5Etfw\">@alejandromurat<\/a> <a href=\"https:\/\/twitter.com\/GobOax?ref_src=twsrc%5Etfw\">@GobOax<\/a> <a href=\"https:\/\/twitter.com\/PREVENCION_SSPO?ref_src=twsrc%5Etfw\">@PREVENCION_SSPO<\/a> <a href=\"https:\/\/t.co\/DrEeuGPZwu\">pic.twitter.com\/DrEeuGPZwu<\/a><\/p>&mdash; Sr\u00eda. Seg. P\u00fab. Oax. (@SSP_GobOax) <a href=\"https:\/\/twitter.com\/SSP_GobOax\/status\/1169664785035792384?ref_src=twsrc%5Etfw\">5 de septiembre de 2019<\/a><\/blockquote><\/div><\/p>\n\n\n\n<p>En ese contexto, a trav\u00e9s de la red social de WhatsApp comenz\u00f3 a circular un mensaje de supuestos sicarios que har\u00e1n una \u201climpia\u201d en Tuxtepec. <\/p>\n\n\n\n<p>Lo anterior gener\u00f3 un ambiente de p\u00e1nico en ese municipio perteneciente a la regi\u00f3n de la Cuenca del Papaloapan, por lo que muchas escuelas del nivel b\u00e1sico prev\u00e9n no realizar labores este martes.<\/p>\n\n\n\n<p>Ante la grave ola violenta en Tuxtepec, el pasado 5 de septiembre, el secretario de Seguridad P\u00fablica, Ra\u00fal Ernesto Salcedo, se reuni\u00f3 con empresarios y autoridades municipales, a quienes asegur\u00f3 que mediante el operativo denominado \u201cCuadrante\u201d se bajar\u00eda la incidencia delictiva. <br><br><\/p>\n\n\n\n<p><\/p>\n","protected":false},"excerpt":{"rendered":"<p>Redacci\u00f3n\/Zona Roja. Oaxaca de Ju\u00e1rez, Oax., 9 de septiembre de 2019.- Mientras el gobernador Alejandro&hellip;<\/p>\n","protected":false},"author":2,"featured_media":3801,"comment_status":"closed","ping_status":"open","sticky":false,"template":"","format":"standard","meta":{"_lmt_disableupdate":"","_lmt_disable":"","_jetpack_memberships_contains_paid_content":false,"footnotes":""},"categories":[1],"tags":[],"class_list":["post-3802","post","type-post","status-publish","format-standard","has-post-thumbnail","hentry","category-sin-categoria"],"jetpack_featured_media_url":"https:\/\/zonaroja.com.mx\/wp-content\/uploads\/2019\/09\/534737eb-e990-4b9f-95ef-9914ffaa4e14.jpg","jetpack_sharing_enabled":true,"_links":{"self":[{"href":"https:\/\/zonaroja.com.mx\/index.php?rest_route=\/wp\/v2\/posts\/3802","targetHints":{"allow":["GET"]}}],"collection":[{"href":"https:\/\/zonaroja.com.mx\/index.php?rest_route=\/wp\/v2\/posts"}],"about":[{"href":"https:\/\/zonaroja.com.mx\/index.php?rest_route=\/wp\/v2\/types\/post"}],"author":[{"embeddable":true,"href":"https:\/\/zonaroja.com.mx\/index.php?rest_route=\/wp\/v2\/users\/2"}],"replies":[{"embeddable":true,"href":"https:\/\/zonaroja.com.mx\/index.php?rest_route=%2Fwp%2Fv2%2Fcomments&post=3802"}],"version-history":[{"count":1,"href":"https:\/\/zonaroja.com.mx\/index.php?rest_route=\/wp\/v2\/posts\/3802\/revisions"}],"predecessor-version":[{"id":3803,"href":"https:\/\/zonaroja.com.mx\/index.php?rest_route=\/wp\/v2\/posts\/3802\/revisions\/3803"}],"wp:featuredmedia":[{"embeddable":true,"href":"https:\/\/zonaroja.com.mx\/index.php?rest_route=\/wp\/v2\/media\/3801"}],"wp:attachment":[{"href":"https:\/\/zonaroja.com.mx\/index.php?rest_route=%2Fwp%2Fv2%2Fmedia&parent=3802"}],"wp:term":[{"taxonomy":"category","embeddable":true,"href":"https:\/\/zonaroja.com.mx\/index.php?rest_route=%2Fwp%2Fv2%2Fcategories&post=3802"},{"taxonomy":"post_tag","embeddable":true,"href":"https:\/\/zonaroja.com.mx\/index.php?rest_route=%2Fwp%2Fv2%2Ftags&post=3802"}],"curies":[{"name":"wp","href":"https:\/\/api.w.org\/{rel}","templated":true}]}}