{"id":38021,"date":"2022-02-24T20:37:52","date_gmt":"2022-02-25T02:37:52","guid":{"rendered":"http:\/\/www.zonaroja.com.mx\/?p=38021"},"modified":"2022-02-24T20:37:55","modified_gmt":"2022-02-25T02:37:55","slug":"opinion-torero","status":"publish","type":"post","link":"https:\/\/zonaroja.com.mx\/?p=38021","title":{"rendered":"Opini\u00f3n. Torero"},"content":{"rendered":"\n<p>Gibr\u00e1n Ram\u00edrez Reyes*<\/p>\n\n\n\n<p>No se vive en M\u00e9xico una din\u00e1mica pol\u00edtica que implique la lucha de clases, sino todo lo contrario: la pol\u00edtica es hoy una pugna de identidades, ruido lejano del arreglo econ\u00f3mico real del pa\u00eds.<\/p>\n\n\n\n<p>Los grandes empresarios nacionales, m\u00e1s all\u00e1 de lo que suele decirse, decidieron no emprender confrontaciones con el gobierno, a\u00fan en las pol\u00edticas y reformas que habr\u00edan podido afectar sus intereses, como en el cobro de adeudos de impuestos, la renegociaci\u00f3n de los contratos de gasoductos, la reforma en materia de pensiones, la de tercerizaci\u00f3n laboral (outsourcing) y \u00faltimamente la reforma el\u00e9ctrica.<\/p>\n\n\n\n<p>En cada caso \u2014falta ver qu\u00e9 sucede con la el\u00e9ctrica\u2014 el sector privado opt\u00f3 por otra estrategia y logr\u00f3 torear con \u00e9xito al gobierno de la Rep\u00fablica y mantener sus intereses fundamentales intocados \u2014cuando no beneficiados.<\/p>\n\n\n\n<p>El cambio en el sistema pensionario, por ejemplo, es m\u00ednimo y respeta al sector financiero del pa\u00eds a\u00fan en detrimento de los trabajadores y del gobierno, en el que recaer\u00e1 el grueso de las aportaciones.<\/p>\n\n\n\n<p>La reforma de tercerizaci\u00f3n laboral eludi\u00f3 el reconocimiento de la antig\u00fcedad de los trabajadores y abri\u00f3 un boquete para perpetuar la precarizaci\u00f3n mediante la figura de trabajadores \u201cespecializados\u201d.<\/p>\n\n\n\n<p>Desde inicios del sexenio, el pu\u00f1ado m\u00e1s grande del empresariado mexicano decidi\u00f3 contener la inversi\u00f3n para castigar el crecimiento, argumentando tambi\u00e9n que se viv\u00eda incertidumbre pol\u00edtica, un factor que no advirtieron los inversionistas extranjeros que incrementaron su apuesta respecto a los dos sexenios anteriores (la inversi\u00f3n extranjera directa increment\u00f3 9.4 por ciento respecto al mismo per\u00edodo del sexenio anterior y 80 por ciento respecto al antepasado).<\/p>\n\n\n\n<p>Sin embargo, en contraprestaci\u00f3n al buen trato del gobierno, se ofreci\u00f3 abrir la llave a grandes inversiones en paquetes de proyectos de infraestructura.<\/p>\n\n\n\n<p>En 2019 se ofreci\u00f3 una inversi\u00f3n por 800 mil millones; en 2020, por 228 mil millones; en 2021 se prometi\u00f3 sin que se especificara monto; en 2022, el pasado 5 de enero, se dijo que antes de que terminara el mes se anunciar\u00eda un nuevo paquete, sin anunciar el monto.<\/p>\n\n\n\n<p>De los paquetes anteriores se ha dicho que dichas inversiones ya han arrancado, al mismo tiempo que se reclama que se construyan condiciones para echarlas a andar plenamente.<\/p>\n\n\n\n<p>La inversi\u00f3n privada, sin embargo, ha disminuido durante estos a\u00f1os. Las \u201cmalas se\u00f1ales\u201d, una evaluaci\u00f3n m\u00e1s pol\u00edtica que econ\u00f3mica, m\u00e1s presente en inversionistas nacionales que extranjeros, permite seguir diciendo siempre que s\u00ed, sin decir nunca cu\u00e1ndo.<\/p>\n\n\n\n<p>El torero, estratego y operador ante el actual gobierno tiene por nombre Carlos Salazar Lomel\u00edn y est\u00e1 por terminar no solo triunfante, sino invicto, su per\u00edodo al frente del Consejo Coordinador Empresarial.<\/p>\n\n\n\n<p>Con modos suaves y dialogantes, eficaz para comunicar, persuasivo y minucioso, Salazar protegi\u00f3 los intereses de la c\u00faspide de la clase social a la que pertenece y lo logr\u00f3 sin arrugarse el saco.<\/p>\n\n\n\n<p>Estaba, quiz\u00e1, preparado para una tormenta, y le toc\u00f3 navegar en la llovizna. Por una parte, los suyos \u2014los empresarios m\u00e1s grandes\u2014 le deben un aplauso.<\/p>\n\n\n\n<p>Por la otra, las descobijadas empresas medianas y peque\u00f1as deber\u00e1n, acaso, buscar otras formas de representaci\u00f3n y participaci\u00f3n pol\u00edtica.<\/p>\n\n\n\n<p>*Doctor en ciencia pol\u00edtica por la UNAM.<\/p>\n\n\n\n<p>@gibranrr<\/p>\n","protected":false},"excerpt":{"rendered":"<p>Gibr\u00e1n Ram\u00edrez Reyes* No se vive en M\u00e9xico una din\u00e1mica pol\u00edtica que implique la lucha&hellip;<\/p>\n","protected":false},"author":2,"featured_media":24099,"comment_status":"closed","ping_status":"open","sticky":false,"template":"","format":"standard","meta":{"_lmt_disableupdate":"","_lmt_disable":"","_jetpack_memberships_contains_paid_content":false,"footnotes":""},"categories":[456,109],"tags":[2489],"class_list":["post-38021","post","type-post","status-publish","format-standard","has-post-thumbnail","hentry","category-columna","category-minuto-a-minuto","tag-gibran-ramirez-reyes"],"jetpack_featured_media_url":"https:\/\/zonaroja.com.mx\/wp-content\/uploads\/2021\/02\/Gibran-Ramirez-Reyes.jpg","jetpack_sharing_enabled":true,"_links":{"self":[{"href":"https:\/\/zonaroja.com.mx\/index.php?rest_route=\/wp\/v2\/posts\/38021","targetHints":{"allow":["GET"]}}],"collection":[{"href":"https:\/\/zonaroja.com.mx\/index.php?rest_route=\/wp\/v2\/posts"}],"about":[{"href":"https:\/\/zonaroja.com.mx\/index.php?rest_route=\/wp\/v2\/types\/post"}],"author":[{"embeddable":true,"href":"https:\/\/zonaroja.com.mx\/index.php?rest_route=\/wp\/v2\/users\/2"}],"replies":[{"embeddable":true,"href":"https:\/\/zonaroja.com.mx\/index.php?rest_route=%2Fwp%2Fv2%2Fcomments&post=38021"}],"version-history":[{"count":1,"href":"https:\/\/zonaroja.com.mx\/index.php?rest_route=\/wp\/v2\/posts\/38021\/revisions"}],"predecessor-version":[{"id":38022,"href":"https:\/\/zonaroja.com.mx\/index.php?rest_route=\/wp\/v2\/posts\/38021\/revisions\/38022"}],"wp:featuredmedia":[{"embeddable":true,"href":"https:\/\/zonaroja.com.mx\/index.php?rest_route=\/wp\/v2\/media\/24099"}],"wp:attachment":[{"href":"https:\/\/zonaroja.com.mx\/index.php?rest_route=%2Fwp%2Fv2%2Fmedia&parent=38021"}],"wp:term":[{"taxonomy":"category","embeddable":true,"href":"https:\/\/zonaroja.com.mx\/index.php?rest_route=%2Fwp%2Fv2%2Fcategories&post=38021"},{"taxonomy":"post_tag","embeddable":true,"href":"https:\/\/zonaroja.com.mx\/index.php?rest_route=%2Fwp%2Fv2%2Ftags&post=38021"}],"curies":[{"name":"wp","href":"https:\/\/api.w.org\/{rel}","templated":true}]}}