{"id":38026,"date":"2022-02-24T21:43:48","date_gmt":"2022-02-25T03:43:48","guid":{"rendered":"http:\/\/www.zonaroja.com.mx\/?p=38026"},"modified":"2022-02-24T21:43:54","modified_gmt":"2022-02-25T03:43:54","slug":"unos-300-trabajadores-despedidos-de-salud-no-han-sido-recontratados","status":"publish","type":"post","link":"https:\/\/zonaroja.com.mx\/?p=38026","title":{"rendered":"Unos 300 trabajadores despedidos de Salud no han sido recontratados"},"content":{"rendered":"\n<p>Yuridiana Sosa\/Zona Roja.<\/p>\n\n\n\n<p>Oaxaca de Ju\u00e1rez, Oax., 24 de febrero de 2022.- M\u00e9dicos, enfermeras, nutri\u00f3logos y psic\u00f3logos que formaban parte del programa Atenci\u00f3n a la Salud E023, protestaron hoy para exigir a los Servicios de Salud de Oaxaca (SSO) y al Instituto de Salud para el Bienestar (Insabi), resuelvan su recontrataci\u00f3n.<\/p>\n\n\n\n<p>Los ex trabajadores, que laboraban en la Jurisdicci\u00f3n Sierra, apuntaron que la Secretar\u00eda de Salud de Oaxaca, que encabeza Juan Carlos M\u00e1rquez Heine, les solicit\u00f3 sus documentos con la presunta intenci\u00f3n de una nueva contrataci\u00f3n, hace dos semanas, sin que hasta ahora reciban ninguna informaci\u00f3n al respecto.<\/p>\n\n\n\n<p>Ante su situaci\u00f3n, el personal m\u00e9dico que laboraba en los centros de salud ubicados en comunidades de alta marginaci\u00f3n, arribaron a las oficinas de la dependencia estatal, en la calle Miguel Cabrera en el centro de la capital.<\/p>\n\n\n\n<figure class=\"wp-block-embed is-type-rich is-provider-twitter wp-block-embed-twitter\"><div class=\"wp-block-embed__wrapper\">\n<div class=\"twitter-tweet\"><blockquote class=\"twitter-tweet\" data-lang=\"es\"><p lang=\"es\" dir=\"ltr\">\u201c\u00a1Ayer \u00e9ramos h\u00e9roes y hoy desempleados!, \u00a1lo que exigimos es ser recontratados!\u201d, la exigencia hoy a <a href=\"https:\/\/twitter.com\/JC_MarquezH?ref_src=twsrc%5Etfw\">@JC_MarquezH<\/a>, de los <a href=\"https:\/\/twitter.com\/SSO_GobOax?ref_src=twsrc%5Etfw\">@SSO_GobOax<\/a>; trabajadores inician protestas en oficinas de Miguen Cabrera de la capital oaxaque\u00f1a. <a href=\"https:\/\/t.co\/Uv9plYAErk\">pic.twitter.com\/Uv9plYAErk<\/a><\/p>&mdash; Zona Roja Oaxaca (@ZonaRoja_Oaxaca) <a href=\"https:\/\/twitter.com\/ZonaRoja_Oaxaca\/status\/1496910657916125189?ref_src=twsrc%5Etfw\">24 de febrero de 2022<\/a><\/blockquote><\/div>\n<\/div><\/figure>\n\n\n\n<p>\u201c\u00a1Ayer \u00e9ramos h\u00e9roes y hoy somos desempleados!\u201d, expresaron los afectados, a quienes el pasado 31 de diciembre se les venci\u00f3 su contrato.<\/p>\n\n\n\n<p>Andrea P\u00e9rez Hern\u00e1ndez, enfermera, indic\u00f3 que cada a\u00f1o se les renovaba su contrato, pero ante los cambios que se gestan con el gobierno federal, quedaron a la deriva, por lo que tambi\u00e9n exigieron al Insabi que les aclare si tambi\u00e9n ser\u00e1n recontratados por parte de esta dependencia federal.<\/p>\n\n\n\n<p>Pues adem\u00e1s, en la serie de recontrataciones que se han registrado, no se han tomado en cuenta a ninguno de esta \u00e1rea de trabajo, donde varios cuentan con hasta ocho a\u00f1os de experiencia, y por el contrario, se ha contratado a nuevo personal.<\/p>\n\n\n\n<p>De acuerdo a informaci\u00f3n federal, el Programa Atenci\u00f3n a la Salud E023 se incorpor\u00f3 en el 2021 al Insabi, lo cual permite destinar financiamiento al primer y segundo nivel de atenci\u00f3n m\u00e9dica, con la prestaci\u00f3n gratuita de servicios de salud a las personas sin seguridad social.<\/p>\n","protected":false},"excerpt":{"rendered":"<p>Yuridiana Sosa\/Zona Roja. Oaxaca de Ju\u00e1rez, Oax., 24 de febrero de 2022.- M\u00e9dicos, enfermeras, nutri\u00f3logos&hellip;<\/p>\n","protected":false},"author":2,"featured_media":38028,"comment_status":"closed","ping_status":"open","sticky":false,"template":"","format":"standard","meta":{"_lmt_disableupdate":"","_lmt_disable":"","_jetpack_memberships_contains_paid_content":false,"footnotes":""},"categories":[109,47],"tags":[1005],"class_list":["post-38026","post","type-post","status-publish","format-standard","has-post-thumbnail","hentry","category-minuto-a-minuto","category-zona-gris","tag-servicios-de-salud-de-oaxaca-sso"],"jetpack_featured_media_url":"https:\/\/zonaroja.com.mx\/wp-content\/uploads\/2022\/02\/Protesta-personal-de-Salud-Insabi.jpg","jetpack_sharing_enabled":true,"_links":{"self":[{"href":"https:\/\/zonaroja.com.mx\/index.php?rest_route=\/wp\/v2\/posts\/38026","targetHints":{"allow":["GET"]}}],"collection":[{"href":"https:\/\/zonaroja.com.mx\/index.php?rest_route=\/wp\/v2\/posts"}],"about":[{"href":"https:\/\/zonaroja.com.mx\/index.php?rest_route=\/wp\/v2\/types\/post"}],"author":[{"embeddable":true,"href":"https:\/\/zonaroja.com.mx\/index.php?rest_route=\/wp\/v2\/users\/2"}],"replies":[{"embeddable":true,"href":"https:\/\/zonaroja.com.mx\/index.php?rest_route=%2Fwp%2Fv2%2Fcomments&post=38026"}],"version-history":[{"count":1,"href":"https:\/\/zonaroja.com.mx\/index.php?rest_route=\/wp\/v2\/posts\/38026\/revisions"}],"predecessor-version":[{"id":38029,"href":"https:\/\/zonaroja.com.mx\/index.php?rest_route=\/wp\/v2\/posts\/38026\/revisions\/38029"}],"wp:featuredmedia":[{"embeddable":true,"href":"https:\/\/zonaroja.com.mx\/index.php?rest_route=\/wp\/v2\/media\/38028"}],"wp:attachment":[{"href":"https:\/\/zonaroja.com.mx\/index.php?rest_route=%2Fwp%2Fv2%2Fmedia&parent=38026"}],"wp:term":[{"taxonomy":"category","embeddable":true,"href":"https:\/\/zonaroja.com.mx\/index.php?rest_route=%2Fwp%2Fv2%2Fcategories&post=38026"},{"taxonomy":"post_tag","embeddable":true,"href":"https:\/\/zonaroja.com.mx\/index.php?rest_route=%2Fwp%2Fv2%2Ftags&post=38026"}],"curies":[{"name":"wp","href":"https:\/\/api.w.org\/{rel}","templated":true}]}}