{"id":38030,"date":"2022-02-24T22:11:09","date_gmt":"2022-02-25T04:11:09","guid":{"rendered":"http:\/\/www.zonaroja.com.mx\/?p=38030"},"modified":"2022-02-24T22:11:12","modified_gmt":"2022-02-25T04:11:12","slug":"oaxaca-a-punto-de-llegar-a-las-6-mil-muertes-por-covid","status":"publish","type":"post","link":"https:\/\/zonaroja.com.mx\/?p=38030","title":{"rendered":"Oaxaca, a punto de llegar a las 6 mil muertes por Covid"},"content":{"rendered":"\n<p>Redacci\u00f3n\/Zona Roja.<\/p>\n\n\n\n<p>Oaxaca de Ju\u00e1rez, Oax. 24 de febrero de 2022.- Con 10 fallecimientos reportados al cierre de este 24 de febrero, el territorio oaxaque\u00f1o acumul\u00f3 5 mil 976 fallecimientos a causa de virus SARS-CoV-2, informaron los Servicio de Salud de Oaxaca (SSO).<\/p>\n\n\n\n<p>Valles Centrales es la zona donde se tiene el mayor n\u00famero de muertes con dos mil 634, cifra que representa el 44%; seguido del Istmo con mil 290 (21.5%); las Jurisdicciones Sanitarias de la Mixteca, Tuxtepec, Costa y Sierra presentan menos del 11% respecto al total de defunciones con 610, 601, 500 y 341 muertes, respectivamente.<\/p>\n\n\n\n<p>De igual forma, este jueves se confirmaron 575 contagios m\u00e1s, para un acumulado de 115 mil 470 positivos, con la mayor incidencia en las personas de 25 a 44 a\u00f1os, con 55 mil 691 casos, cifra que representa el 48% de los casos positivos a la fecha.<\/p>\n\n\n\n<p>Durante la \u00faltima jornada se identificaron mil 841 casos activos en 148 municipios, es decir, aquellas personas positivas al SARS-CoV-2 que empezaron con s\u00edntomas de la enfermedad en los \u00faltimos 14 d\u00edas, y quienes pueden transmitir la infecci\u00f3n viral, as\u00ed como 107 mil 653 pacientes recuperados.<\/p>\n\n\n\n<figure class=\"wp-block-embed is-type-rich is-provider-twitter wp-block-embed-twitter\"><div class=\"wp-block-embed__wrapper\">\n<div class=\"twitter-tweet\"><blockquote class=\"twitter-tweet\" data-lang=\"es\"><p lang=\"es\" dir=\"ltr\"><a href=\"https:\/\/twitter.com\/hashtag\/%C3%9AltimoMinuto?src=hash&amp;ref_src=twsrc%5Etfw\">#\u00daltimoMinuto<\/a><br>Este jueves, <a href=\"https:\/\/twitter.com\/hashtag\/Oaxaca?src=hash&amp;ref_src=twsrc%5Etfw\">#Oaxaca<\/a> registr\u00f3 575 casos positivos a Covid-19 y 10 defunciones; hay adem\u00e1s 1 mil 841 casos activos.<br>Suman 115 mil 470 casos confirmados y 5 mil 976 decesos.<br>Hay 8 nosocomios saturados; ocupaci\u00f3n hospitalaria al 25.4%, reportan los Servicios de Salud. <a href=\"https:\/\/t.co\/nvlYcwo4gp\">pic.twitter.com\/nvlYcwo4gp<\/a><\/p>&mdash; Zona Roja Oaxaca (@ZonaRoja_Oaxaca) <a href=\"https:\/\/twitter.com\/ZonaRoja_Oaxaca\/status\/1497044294686978060?ref_src=twsrc%5Etfw\">25 de febrero de 2022<\/a><\/blockquote><\/div>\n<\/div><\/figure>\n\n\n\n<p>Aunado a ello, hay 89 ayuntamientos con casos nuevos, dentro de los que destacan: Oaxaca de Ju\u00e1rez con 238 positivos, Santa Cruz Xoxocotl\u00e1n con 45, Santa Luc\u00eda del Camino con 33, Miahuatl\u00e1n de Porfirio D\u00edaz con 17 y San Juan Bautista Tuxtepec con 13, por mencionar algunos.<\/p>\n\n\n\n<p>Conforme al conteo local de positivos acumulados seg\u00fan la ubicaci\u00f3n geogr\u00e1fica, Valles Centrales cuantific\u00f3 70 mil 269 casos, de los cuales mil 079 est\u00e1n activos; Istmo 16 mil 077 casos, con 335 activos; Tuxtepec 8 mil 700 casos, con 181 activos; Costa 8 mil 107 casos, con 116 activos; Mixteca 8 mil 590 casos, con 76 activos; y Sierra 3 mil 727 casos, con 54 activos.<\/p>\n\n\n\n<p>La red hospitalaria se encuentra al 25.4% de ocupaci\u00f3n de camas para pacientes que presentan alguna complicaci\u00f3n, ocho hospitales se ubican al 100% de su capacidad, y tres pacientes fueron hospitalizados en las \u00faltima 24 horas, por lo que hay 103 camas disponibles de un total de 406.<\/p>\n\n\n\n<p>La dependencia llam\u00f3 a la participaci\u00f3n responsable de la sociedad, y es que, record\u00f3 que a pesar de que Oaxaca se encuentra en sem\u00e1foro amarillo es importante continuar con el uso cubrebocas, mantener la sana distancia y evitar lugares concurridos, con el objetivo de reducir la incidencia de contagios y defunciones a causa del virus.<\/p>\n","protected":false},"excerpt":{"rendered":"<p>Redacci\u00f3n\/Zona Roja. Oaxaca de Ju\u00e1rez, Oax. 24 de febrero de 2022.- Con 10 fallecimientos reportados&hellip;<\/p>\n","protected":false},"author":2,"featured_media":38031,"comment_status":"closed","ping_status":"open","sticky":false,"template":"","format":"standard","meta":{"_lmt_disableupdate":"","_lmt_disable":"","_jetpack_memberships_contains_paid_content":false,"footnotes":""},"categories":[109,47],"tags":[1512],"class_list":["post-38030","post","type-post","status-publish","format-standard","has-post-thumbnail","hentry","category-minuto-a-minuto","category-zona-gris","tag-coronavirus-oaxaca"],"jetpack_featured_media_url":"https:\/\/zonaroja.com.mx\/wp-content\/uploads\/2022\/02\/24-de-febrero-de-2022.-Comunicado-Tecnico-COVID-19.jpg","jetpack_sharing_enabled":true,"_links":{"self":[{"href":"https:\/\/zonaroja.com.mx\/index.php?rest_route=\/wp\/v2\/posts\/38030","targetHints":{"allow":["GET"]}}],"collection":[{"href":"https:\/\/zonaroja.com.mx\/index.php?rest_route=\/wp\/v2\/posts"}],"about":[{"href":"https:\/\/zonaroja.com.mx\/index.php?rest_route=\/wp\/v2\/types\/post"}],"author":[{"embeddable":true,"href":"https:\/\/zonaroja.com.mx\/index.php?rest_route=\/wp\/v2\/users\/2"}],"replies":[{"embeddable":true,"href":"https:\/\/zonaroja.com.mx\/index.php?rest_route=%2Fwp%2Fv2%2Fcomments&post=38030"}],"version-history":[{"count":1,"href":"https:\/\/zonaroja.com.mx\/index.php?rest_route=\/wp\/v2\/posts\/38030\/revisions"}],"predecessor-version":[{"id":38032,"href":"https:\/\/zonaroja.com.mx\/index.php?rest_route=\/wp\/v2\/posts\/38030\/revisions\/38032"}],"wp:featuredmedia":[{"embeddable":true,"href":"https:\/\/zonaroja.com.mx\/index.php?rest_route=\/wp\/v2\/media\/38031"}],"wp:attachment":[{"href":"https:\/\/zonaroja.com.mx\/index.php?rest_route=%2Fwp%2Fv2%2Fmedia&parent=38030"}],"wp:term":[{"taxonomy":"category","embeddable":true,"href":"https:\/\/zonaroja.com.mx\/index.php?rest_route=%2Fwp%2Fv2%2Fcategories&post=38030"},{"taxonomy":"post_tag","embeddable":true,"href":"https:\/\/zonaroja.com.mx\/index.php?rest_route=%2Fwp%2Fv2%2Ftags&post=38030"}],"curies":[{"name":"wp","href":"https:\/\/api.w.org\/{rel}","templated":true}]}}