{"id":38047,"date":"2022-02-25T07:39:32","date_gmt":"2022-02-25T13:39:32","guid":{"rendered":"http:\/\/www.zonaroja.com.mx\/?p=38047"},"modified":"2022-02-25T07:39:34","modified_gmt":"2022-02-25T13:39:34","slug":"en-2022-matan-a-un-periodista-cada-semana-ahora-sonora","status":"publish","type":"post","link":"https:\/\/zonaroja.com.mx\/?p=38047","title":{"rendered":"En 2022, matan a un periodista cada semana; ahora Sonora"},"content":{"rendered":"\n<p>Redacci\u00f3n\/Zona Roja Cdmx.<\/p>\n\n\n\n<p>Ciudad de M\u00e9xico, 25 de febrero de 2022.- Un sexto periodista fue asesinado en M\u00e9xico; en promedio, cada semana matan a un comunicador en el pa\u00eds.<\/p>\n\n\n\n<p>Anoche fue ultimado a balazos Jorge Camero, en el municipio de Empalme, Sonora.<\/p>\n\n\n\n<p>Presuntamente fue un grupo del crimen organizado que ingres\u00f3 al gimnasio \u201cSpartan\u201d, en la colonia Libertad, y lo acribill\u00f3 de manera directa.<\/p>\n\n\n\n<p>Jorge Camero era director del portal \u201cEl Informativo\u201d y tambi\u00e9n se desempe\u00f1\u00f3 como secretario particular del alcalde de Empalme, Luis Fuente Aguilar.<\/p>\n\n\n\n<p>Este \u00faltimo crimen ocurre tras el asesinato de H\u00e9ber L\u00f3pez V\u00e1squez, en Salina Cruz, Oaxaca, el pasado 10 de febrero, por cuyo caso hay dos personas detenidas.<\/p>\n\n\n\n<p>En lo que va de este a\u00f1o 2022, han matado a Jos\u00e9 Luis Gamboa en Veracruz, Margarito Mart\u00ednez y Lourdes Maldonado en Baja California, as\u00ed como Roberto Toledo en Michoac\u00e1n.<\/p>\n","protected":false},"excerpt":{"rendered":"<p>Redacci\u00f3n\/Zona Roja Cdmx. Ciudad de M\u00e9xico, 25 de febrero de 2022.- Un sexto periodista fue&hellip;<\/p>\n","protected":false},"author":2,"featured_media":38048,"comment_status":"closed","ping_status":"open","sticky":false,"template":"","format":"standard","meta":{"_lmt_disableupdate":"","_lmt_disable":"","_jetpack_memberships_contains_paid_content":false,"footnotes":""},"categories":[109,51],"tags":[1016],"class_list":["post-38047","post","type-post","status-publish","format-standard","has-post-thumbnail","hentry","category-minuto-a-minuto","category-zona-roja","tag-asesinato-de-periodistas-en-mexico"],"jetpack_featured_media_url":"https:\/\/zonaroja.com.mx\/wp-content\/uploads\/2022\/02\/Periodista-Jorge-Camero-Sonora.jpg","jetpack_sharing_enabled":true,"_links":{"self":[{"href":"https:\/\/zonaroja.com.mx\/index.php?rest_route=\/wp\/v2\/posts\/38047","targetHints":{"allow":["GET"]}}],"collection":[{"href":"https:\/\/zonaroja.com.mx\/index.php?rest_route=\/wp\/v2\/posts"}],"about":[{"href":"https:\/\/zonaroja.com.mx\/index.php?rest_route=\/wp\/v2\/types\/post"}],"author":[{"embeddable":true,"href":"https:\/\/zonaroja.com.mx\/index.php?rest_route=\/wp\/v2\/users\/2"}],"replies":[{"embeddable":true,"href":"https:\/\/zonaroja.com.mx\/index.php?rest_route=%2Fwp%2Fv2%2Fcomments&post=38047"}],"version-history":[{"count":1,"href":"https:\/\/zonaroja.com.mx\/index.php?rest_route=\/wp\/v2\/posts\/38047\/revisions"}],"predecessor-version":[{"id":38049,"href":"https:\/\/zonaroja.com.mx\/index.php?rest_route=\/wp\/v2\/posts\/38047\/revisions\/38049"}],"wp:featuredmedia":[{"embeddable":true,"href":"https:\/\/zonaroja.com.mx\/index.php?rest_route=\/wp\/v2\/media\/38048"}],"wp:attachment":[{"href":"https:\/\/zonaroja.com.mx\/index.php?rest_route=%2Fwp%2Fv2%2Fmedia&parent=38047"}],"wp:term":[{"taxonomy":"category","embeddable":true,"href":"https:\/\/zonaroja.com.mx\/index.php?rest_route=%2Fwp%2Fv2%2Fcategories&post=38047"},{"taxonomy":"post_tag","embeddable":true,"href":"https:\/\/zonaroja.com.mx\/index.php?rest_route=%2Fwp%2Fv2%2Ftags&post=38047"}],"curies":[{"name":"wp","href":"https:\/\/api.w.org\/{rel}","templated":true}]}}