{"id":38060,"date":"2022-02-25T15:48:18","date_gmt":"2022-02-25T21:48:18","guid":{"rendered":"http:\/\/www.zonaroja.com.mx\/?p=38060"},"modified":"2022-02-25T15:48:21","modified_gmt":"2022-02-25T21:48:21","slug":"tiene-gobierno-de-oaxaca-gabinete-historico-conformado-por-mujeres-en-su-mayoria","status":"publish","type":"post","link":"https:\/\/zonaroja.com.mx\/?p=38060","title":{"rendered":"Tiene gobierno de Oaxaca gabinete hist\u00f3rico, conformado por mujeres en su mayor\u00eda"},"content":{"rendered":"\n<p>Redacci\u00f3n\/Zona Roja.<\/p>\n\n\n\n<p>Oaxaca de Ju\u00e1rez, Oax., 25 de febrero de 2022. El titular del Poder Ejecutivo de Oaxaca, Alejandro Murat Hinojosa, design\u00f3 este viernes a seis mujeres como titulares en diversas dependencias del gabinete legal.<\/p>\n\n\n\n<p>Con ello, por primera vez en su historia, la entidad cuenta con un equipo de trabajo en secretar\u00edas encabezadas en su mayor\u00eda por mujeres.<\/p>\n\n\n\n<p>En un comunicado, el gobierno estatal inform\u00f3 que, como titular de la Secretar\u00eda de Administraci\u00f3n fue designada la diputada federal con licencia, Mariana Nassar Pi\u00f1eyro, quien es licenciada en Administraci\u00f3n por la Universidad Westhill y quien tambi\u00e9n ha fungido como Secretar\u00eda de Movilidad del Estado de Oaxaca y como Directora General del Sistema DIF estatal.<\/p>\n\n\n\n<p>De igual manera, como titular de la Secretar\u00eda de Bienestar del Estado de Oaxaca (Sebien) design\u00f3 nuevamente a Yolanda Mart\u00ednez L\u00f3pez, quien cuenta con dos maestr\u00edas, una en Ciencias del Desarrollo Social por la University College of London (UCL) y otra en Desarrollo Regional y Urbano por la Universidad Nacional Aut\u00f3noma de M\u00e9xico.<\/p>\n\n\n\n<p>Es egresada de la licenciatura en Relaciones Internacionales de la Universidad de las Am\u00e9ricas Puebla (UDLAP) y se desempe\u00f1\u00f3 del 2018 al 2021 como titular de la Secretar\u00eda de Desarrollo Social y Humano del Estado de Oaxaca, actualmente Sebien.<\/p>\n\n\n\n<p>Asimismo, el mandatario nombr\u00f3 a la profesora y activista Edith Aparicio Mart\u00ednez, al frente de la Secretar\u00eda de Pueblos Ind\u00edgenas y Afromexicano, y a Claudia del Carmen Silva Fern\u00e1ndez al frente de la Secretar\u00eda de Movilidad (Semovi), quien se ha desempe\u00f1ado como titular del Instituto Estatal de Educaci\u00f3n para Adultos (IEEA) y diputada local en la LX legislatura.<\/p>\n\n\n\n<p>Mientras que, Dalia Ba\u00f1os Noyola, quien fung\u00eda como encargada de despacho de la Secretar\u00eda de Seguridad P\u00fablica de Oaxaca (SSPO), fue designada titular de esta misma. Ba\u00f1os Noyola es licenciada en Derecho y cuenta con m\u00e1s de 25 a\u00f1os de experiencia como servidora p\u00fablica tanto en el \u00e1mbito estatal como federal.<\/p>\n\n\n\n<p>Antes, el gobernador hab\u00eda dado a conocer la designaci\u00f3n de la enfermera Virginia S\u00e1nchez Reyes como titular de los Servicios de Salud de Oaxaca, con lo que, por primera vez en la historia de la entidad, el gabinete Legal cuenta con m\u00e1s mujeres que hombres entre sus integrantes.<\/p>\n\n\n\n<p>\u201cEl gobernador exhort\u00f3 a las nuevas titulares a cumplir y hacer cumplir la Constituci\u00f3n Pol\u00edtica del Estado Libre y Soberano de Oaxaca, as\u00ed como las Leyes que de ella emanen, sirviendo en todo a los intereses del Estado.<\/p>\n\n\n\n<p>\u201cAdem\u00e1s, agradeci\u00f3 a las y los funcionarios salientes toda el compromiso demostrado en su trabajo a favor de las y los oaxaque\u00f1os\u201d, refiere el comunicado.<\/p>\n","protected":false},"excerpt":{"rendered":"<p>Redacci\u00f3n\/Zona Roja. Oaxaca de Ju\u00e1rez, Oax., 25 de febrero de 2022. El titular del Poder&hellip;<\/p>\n","protected":false},"author":2,"featured_media":38061,"comment_status":"closed","ping_status":"open","sticky":false,"template":"","format":"standard","meta":{"_lmt_disableupdate":"","_lmt_disable":"","_jetpack_memberships_contains_paid_content":false,"footnotes":""},"categories":[109,46],"tags":[173],"class_list":["post-38060","post","type-post","status-publish","format-standard","has-post-thumbnail","hentry","category-minuto-a-minuto","category-zona-blanca","tag-alejandro-murat-hinojosa"],"jetpack_featured_media_url":"https:\/\/zonaroja.com.mx\/wp-content\/uploads\/2022\/02\/Nombramientos-mujeres-gabinete-estatal.jpg","jetpack_sharing_enabled":true,"_links":{"self":[{"href":"https:\/\/zonaroja.com.mx\/index.php?rest_route=\/wp\/v2\/posts\/38060","targetHints":{"allow":["GET"]}}],"collection":[{"href":"https:\/\/zonaroja.com.mx\/index.php?rest_route=\/wp\/v2\/posts"}],"about":[{"href":"https:\/\/zonaroja.com.mx\/index.php?rest_route=\/wp\/v2\/types\/post"}],"author":[{"embeddable":true,"href":"https:\/\/zonaroja.com.mx\/index.php?rest_route=\/wp\/v2\/users\/2"}],"replies":[{"embeddable":true,"href":"https:\/\/zonaroja.com.mx\/index.php?rest_route=%2Fwp%2Fv2%2Fcomments&post=38060"}],"version-history":[{"count":1,"href":"https:\/\/zonaroja.com.mx\/index.php?rest_route=\/wp\/v2\/posts\/38060\/revisions"}],"predecessor-version":[{"id":38062,"href":"https:\/\/zonaroja.com.mx\/index.php?rest_route=\/wp\/v2\/posts\/38060\/revisions\/38062"}],"wp:featuredmedia":[{"embeddable":true,"href":"https:\/\/zonaroja.com.mx\/index.php?rest_route=\/wp\/v2\/media\/38061"}],"wp:attachment":[{"href":"https:\/\/zonaroja.com.mx\/index.php?rest_route=%2Fwp%2Fv2%2Fmedia&parent=38060"}],"wp:term":[{"taxonomy":"category","embeddable":true,"href":"https:\/\/zonaroja.com.mx\/index.php?rest_route=%2Fwp%2Fv2%2Fcategories&post=38060"},{"taxonomy":"post_tag","embeddable":true,"href":"https:\/\/zonaroja.com.mx\/index.php?rest_route=%2Fwp%2Fv2%2Ftags&post=38060"}],"curies":[{"name":"wp","href":"https:\/\/api.w.org\/{rel}","templated":true}]}}