{"id":38066,"date":"2022-02-25T16:29:14","date_gmt":"2022-02-25T22:29:14","guid":{"rendered":"http:\/\/www.zonaroja.com.mx\/?p=38066"},"modified":"2022-02-25T16:29:16","modified_gmt":"2022-02-25T22:29:16","slug":"detonan-feminicidios-en-oaxaca-durante-enero-sesnsp","status":"publish","type":"post","link":"https:\/\/zonaroja.com.mx\/?p=38066","title":{"rendered":"Detonan feminicidios en Oaxaca durante enero: SESNSP"},"content":{"rendered":"\n<p>Yuridiana Sosa\/Zona Roja.<\/p>\n\n\n\n<p>Oaxaca de Ju\u00e1rez, Oax., 25 de febrero de 2022.- La violencia feminicida en Oaxaca se desat\u00f3 al inicio de este a\u00f1o con relaci\u00f3n a enero y de diciembre de 2021, de acuerdo con el reporte de Secretariado Ejecutivo del Sistema Nacional de Seguridad P\u00fablica (SESNSP).<\/p>\n\n\n\n<p>El aumento de feminicidios fue hasta del 66 por ciento entre enero de este a\u00f1o con respecto a enero de 2021 con seis y dos casos, respectivamente y del 50 por ciento en el transcurso de un mes, con tres asesinatos en diciembre pasado.<\/p>\n\n\n\n<p>El uso de arma de fuego tambi\u00e9n creci\u00f3 este a\u00f1o como forma de matar a las mujeres en Oaxaca, de los seis hechos violentos, cuatro se cometieron con un arma y dos con otro elemento, detall\u00f3 el reporte del Centro Nacional de Informaci\u00f3n.<\/p>\n\n\n\n<p>Respecto a los delitos contra la libertad y la seguridad sexual, present\u00f3 un estancamiento, con 112 casos este inicio de a\u00f1o y 113 en el mismo periodo del 2021.<\/p>\n\n\n\n<p>Por el delito de abuso sexual, se abrieron 40 carpetas de investigaciones este a\u00f1o; acoso sexual, 13; hostigamiento, cuatro hechos; violaci\u00f3n simple, 28; violaci\u00f3n equiparada, 24, y otros, tres.<\/p>\n\n\n\n<p>LA DIFERENCIA<\/p>\n\n\n\n<p>Mientras las autoridades federales reportan un total de seis feminicidios en enero de 2022, organismos ciudadanos de mujeres en Oaxaca reportaron al cierre del primer mes un total de ocho casos, y cinco hechos durante diciembre de 2021.<\/p>\n","protected":false},"excerpt":{"rendered":"<p>Yuridiana Sosa\/Zona Roja. Oaxaca de Ju\u00e1rez, Oax., 25 de febrero de 2022.- La violencia feminicida&hellip;<\/p>\n","protected":false},"author":2,"featured_media":14015,"comment_status":"closed","ping_status":"open","sticky":false,"template":"","format":"standard","meta":{"_lmt_disableupdate":"","_lmt_disable":"","_jetpack_memberships_contains_paid_content":false,"footnotes":""},"categories":[109,47],"tags":[610],"class_list":["post-38066","post","type-post","status-publish","format-standard","has-post-thumbnail","hentry","category-minuto-a-minuto","category-zona-gris","tag-feminicidios-oaxaca"],"jetpack_featured_media_url":"https:\/\/zonaroja.com.mx\/wp-content\/uploads\/2020\/06\/Violencia-feminicidios.jpg","jetpack_sharing_enabled":true,"_links":{"self":[{"href":"https:\/\/zonaroja.com.mx\/index.php?rest_route=\/wp\/v2\/posts\/38066","targetHints":{"allow":["GET"]}}],"collection":[{"href":"https:\/\/zonaroja.com.mx\/index.php?rest_route=\/wp\/v2\/posts"}],"about":[{"href":"https:\/\/zonaroja.com.mx\/index.php?rest_route=\/wp\/v2\/types\/post"}],"author":[{"embeddable":true,"href":"https:\/\/zonaroja.com.mx\/index.php?rest_route=\/wp\/v2\/users\/2"}],"replies":[{"embeddable":true,"href":"https:\/\/zonaroja.com.mx\/index.php?rest_route=%2Fwp%2Fv2%2Fcomments&post=38066"}],"version-history":[{"count":1,"href":"https:\/\/zonaroja.com.mx\/index.php?rest_route=\/wp\/v2\/posts\/38066\/revisions"}],"predecessor-version":[{"id":38067,"href":"https:\/\/zonaroja.com.mx\/index.php?rest_route=\/wp\/v2\/posts\/38066\/revisions\/38067"}],"wp:featuredmedia":[{"embeddable":true,"href":"https:\/\/zonaroja.com.mx\/index.php?rest_route=\/wp\/v2\/media\/14015"}],"wp:attachment":[{"href":"https:\/\/zonaroja.com.mx\/index.php?rest_route=%2Fwp%2Fv2%2Fmedia&parent=38066"}],"wp:term":[{"taxonomy":"category","embeddable":true,"href":"https:\/\/zonaroja.com.mx\/index.php?rest_route=%2Fwp%2Fv2%2Fcategories&post=38066"},{"taxonomy":"post_tag","embeddable":true,"href":"https:\/\/zonaroja.com.mx\/index.php?rest_route=%2Fwp%2Fv2%2Ftags&post=38066"}],"curies":[{"name":"wp","href":"https:\/\/api.w.org\/{rel}","templated":true}]}}