{"id":38074,"date":"2022-02-25T19:51:32","date_gmt":"2022-02-26T01:51:32","guid":{"rendered":"http:\/\/www.zonaroja.com.mx\/?p=38074"},"modified":"2022-02-25T19:51:35","modified_gmt":"2022-02-26T01:51:35","slug":"ex-trabajadores-del-maco-mantienen-lucha-legal-por-exigir-sus-salarios","status":"publish","type":"post","link":"https:\/\/zonaroja.com.mx\/?p=38074","title":{"rendered":"Ex trabajadores del MACO mantienen lucha legal por exigir sus salarios"},"content":{"rendered":"\n<p>Yuridiana Sosa\/Zona Roja.<\/p>\n\n\n\n<p>Oaxaca de Ju\u00e1rez, Oax., 25 de febrero de 2022.- A m\u00e1s de un a\u00f1o desde que estall\u00f3 el problema por la falta de pagos al personal, este jueves, trabajadores despedidos del Museo de Arte Contempor\u00e1neo de Oaxaca (MACO) se manifestaron para denunciar que los directivos de la instituci\u00f3n mantienen una cerraz\u00f3n para saldar salarios.<\/p>\n\n\n\n<p>Los afectados se reunieron al exterior de la Junta Local de Conciliaci\u00f3n y Arbitraje, en la capital del estado, para dar cobertura a la cuarta audiencia para conciliar los pagos, misma que debi\u00f3 efectuarse en junio de 2021, pero que el organismo pospuso.<\/p>\n\n\n\n<p>Uno de los afectados, N\u00e9stor Hern\u00e1ndez, se\u00f1al\u00f3 que la Asociaci\u00f3n Amigos del MACO, que dirige el museo, insiste en desconocer como sus trabajadores a 11 empleados, quienes adem\u00e1s continuaron labores al inicio de la pandemia a\u00fan sin pagos.<\/p>\n\n\n\n<figure class=\"wp-block-embed is-type-rich is-provider-twitter wp-block-embed-twitter\"><div class=\"wp-block-embed__wrapper\">\n<div class=\"twitter-tweet\"><blockquote class=\"twitter-tweet\" data-lang=\"es\"><p lang=\"es\" dir=\"ltr\"><a href=\"https:\/\/twitter.com\/hashtag\/%C3%9AltimoMinuto?src=hash&amp;ref_src=twsrc%5Etfw\">#\u00daltimoMinuto<\/a> <br>De nueva cuenta, trabajadores despedidos del Museo de Arte Contempor\u00e1neo de <a href=\"https:\/\/twitter.com\/hashtag\/Oaxaca?src=hash&amp;ref_src=twsrc%5Etfw\">#Oaxaca<\/a> (<a href=\"https:\/\/twitter.com\/MACOaxaca?ref_src=twsrc%5Etfw\">@MACOaxaca<\/a>), protestaron ante la falta de pago de sus salarios, desde hace m\u00e1s de un a\u00f1o.<br>Acudieron a la Junta Local de Conciliaci\u00f3n y Arbitraje, para pedir se agilicen los casos. <a href=\"https:\/\/t.co\/NtBPmdCjpY\">pic.twitter.com\/NtBPmdCjpY<\/a><\/p>&mdash; Zona Roja Oaxaca (@ZonaRoja_Oaxaca) <a href=\"https:\/\/twitter.com\/ZonaRoja_Oaxaca\/status\/1497336190160281602?ref_src=twsrc%5Etfw\">25 de febrero de 2022<\/a><\/blockquote><\/div>\n<\/div><\/figure>\n\n\n\n<p>El adeudo de n\u00f3mina para los 11 afectados asciende a los dos millones de pesos, apunt\u00f3 el ex trabajador.<\/p>\n\n\n\n<p>Respecto a la auditor\u00eda que la directiva del Museo realiz\u00f3 y tras la que se\u00f1al\u00f3 malos manejos por parte de los colaboradores, N\u00e9stor Hern\u00e1ndez apunt\u00f3 que se trata de una intenci\u00f3n para desinformar, dado que llevaron una auditor\u00eda a puerta cerrada, donde pudo manipularse la informaci\u00f3n.<\/p>\n\n\n\n<p>Sin embargo, fue la directiva la que ordenaba pagar en a\u00f1os anteriores las n\u00f3minas con recursos de la Secretar\u00eda de Culturas de Oaxaca.<\/p>\n","protected":false},"excerpt":{"rendered":"<p>Yuridiana Sosa\/Zona Roja. Oaxaca de Ju\u00e1rez, Oax., 25 de febrero de 2022.- A m\u00e1s de&hellip;<\/p>\n","protected":false},"author":2,"featured_media":38075,"comment_status":"closed","ping_status":"open","sticky":false,"template":"","format":"standard","meta":{"_lmt_disableupdate":"","_lmt_disable":"","_jetpack_memberships_contains_paid_content":false,"footnotes":""},"categories":[109,47],"tags":[2298],"class_list":["post-38074","post","type-post","status-publish","format-standard","has-post-thumbnail","hentry","category-minuto-a-minuto","category-zona-gris","tag-museo-de-arte-contemporaneo-de-oaxaca-maco"],"jetpack_featured_media_url":"https:\/\/zonaroja.com.mx\/wp-content\/uploads\/2022\/02\/Protesta-trabajadores-MACO.jpg","jetpack_sharing_enabled":true,"_links":{"self":[{"href":"https:\/\/zonaroja.com.mx\/index.php?rest_route=\/wp\/v2\/posts\/38074","targetHints":{"allow":["GET"]}}],"collection":[{"href":"https:\/\/zonaroja.com.mx\/index.php?rest_route=\/wp\/v2\/posts"}],"about":[{"href":"https:\/\/zonaroja.com.mx\/index.php?rest_route=\/wp\/v2\/types\/post"}],"author":[{"embeddable":true,"href":"https:\/\/zonaroja.com.mx\/index.php?rest_route=\/wp\/v2\/users\/2"}],"replies":[{"embeddable":true,"href":"https:\/\/zonaroja.com.mx\/index.php?rest_route=%2Fwp%2Fv2%2Fcomments&post=38074"}],"version-history":[{"count":1,"href":"https:\/\/zonaroja.com.mx\/index.php?rest_route=\/wp\/v2\/posts\/38074\/revisions"}],"predecessor-version":[{"id":38076,"href":"https:\/\/zonaroja.com.mx\/index.php?rest_route=\/wp\/v2\/posts\/38074\/revisions\/38076"}],"wp:featuredmedia":[{"embeddable":true,"href":"https:\/\/zonaroja.com.mx\/index.php?rest_route=\/wp\/v2\/media\/38075"}],"wp:attachment":[{"href":"https:\/\/zonaroja.com.mx\/index.php?rest_route=%2Fwp%2Fv2%2Fmedia&parent=38074"}],"wp:term":[{"taxonomy":"category","embeddable":true,"href":"https:\/\/zonaroja.com.mx\/index.php?rest_route=%2Fwp%2Fv2%2Fcategories&post=38074"},{"taxonomy":"post_tag","embeddable":true,"href":"https:\/\/zonaroja.com.mx\/index.php?rest_route=%2Fwp%2Fv2%2Ftags&post=38074"}],"curies":[{"name":"wp","href":"https:\/\/api.w.org\/{rel}","templated":true}]}}