{"id":38077,"date":"2022-02-26T07:44:48","date_gmt":"2022-02-26T13:44:48","guid":{"rendered":"http:\/\/www.zonaroja.com.mx\/?p=38077"},"modified":"2022-02-26T07:44:50","modified_gmt":"2022-02-26T13:44:50","slug":"saldo-del-viernes-en-oaxaca-378-contagios-y-5-muertes-por-covid","status":"publish","type":"post","link":"https:\/\/zonaroja.com.mx\/?p=38077","title":{"rendered":"Saldo del viernes en Oaxaca: 378 contagios y 5 muertes por Covid"},"content":{"rendered":"\n<p>Redacci\u00f3n\/Zona Roja.<\/p>\n\n\n\n<p>Oaxaca de Ju\u00e1rez, Oax. 25 de febrero de 2022.-En lo que va de la pandemia en el estado, 108 mil 068 personas se han recuperado de la enfermedad provocada por el SARS-CoV-2, y solo el 1.5% de los 115 mil 848 casos positivos acumulados al corte de este viernes est\u00e1n activos, es decir, mil 799 personas que reportaron s\u00edntomas en los \u00faltimos 14 d\u00edas, as\u00ed lo&nbsp; informaron los Servicios de Salud de Oaxaca (SSO).<\/p>\n\n\n\n<p>La dependencia reitera que es necesario continuar con las medidas b\u00e1sicas de prevenci\u00f3n: sana distancia, lavado frecuente de manos con agua y jab\u00f3n o aplicaci\u00f3n de alcohol-gel, as\u00ed como uso correcto de cubrebocas, ventilaci\u00f3n en espacios cerrados y mantener precauciones en espacios p\u00fablicos.<\/p>\n\n\n\n<p>Lo anterior, ya que este 25 de febrero se notificaron 378 casos nuevos de la enfermedad y cinco decesos m\u00e1s, con esta \u00faltima cifra Oaxaca alcanz\u00f3 un acumulado de 5 mil 981 fallecimientos.<\/p>\n\n\n\n<figure class=\"wp-block-embed is-type-rich is-provider-twitter wp-block-embed-twitter\"><div class=\"wp-block-embed__wrapper\">\n<div class=\"twitter-tweet\"><blockquote class=\"twitter-tweet\" data-lang=\"es\"><p lang=\"es\" dir=\"ltr\"><a href=\"https:\/\/twitter.com\/hashtag\/%C3%9AltimoMinuto?src=hash&amp;ref_src=twsrc%5Etfw\">#\u00daltimoMinuto<\/a> <br>En <a href=\"https:\/\/twitter.com\/hashtag\/Oaxaca?src=hash&amp;ref_src=twsrc%5Etfw\">#Oaxaca<\/a> los <a href=\"https:\/\/twitter.com\/SSO_GobOax?ref_src=twsrc%5Etfw\">@SSO_GobOax<\/a> reportaron este viernes 378 casos positivos a Covid-19 y 5 defunciones.<br>A la fecha suman 115 mil 848 casos confirmados y 5 mil 981 fallecimientos. <a href=\"https:\/\/t.co\/ZZfuMU0pSM\">pic.twitter.com\/ZZfuMU0pSM<\/a><\/p>&mdash; Zona Roja Oaxaca (@ZonaRoja_Oaxaca) <a href=\"https:\/\/twitter.com\/ZonaRoja_Oaxaca\/status\/1497419507891122180?ref_src=twsrc%5Etfw\">26 de febrero de 2022<\/a><\/blockquote><\/div>\n<\/div><\/figure>\n\n\n\n<p>Respecto a los municipios con personas positivas al virus en la \u00faltima actualizaci\u00f3n, Oaxaca de Ju\u00e1rez se encuentra a la cabeza con el mayor n\u00famero de contagios, al contabilizar 137, seguido de Santa Cruz Xoxocotl\u00e1n con 31, San Juan Bautista Tuxtepec con 21, as\u00ed como Mat\u00edas Romero Avenda\u00f1o, San Francisco Telixtlahuaca y San Pablo Etla con nueve notificaciones cada uno; para un total de 83 municipios con positivos en un d\u00eda.<\/p>\n\n\n\n<p>La Jurisdicci\u00f3n Sanitaria de Valles Centrales tiene un acumulado de 70 mil 540 casos, de esta cifra, mil 061 est\u00e1n activos, adem\u00e1s es el primer lugar en cuanto a incidencia de mortalidad con dos mil 635 fallecimientos; seguido del Istmo con un universo de 16 mil 121 pacientes, 331 activos y mil 291 decesos; mientras que Tuxtepec report\u00f3 ocho mil 726 confirmados, 177 activos y 602 muertes; Costa con ocho mil 129, 113 activos y 500 fallecimientos; Mixteca con ocho mil 594, 68 activos y 611 fallecimientos; Sierra con tres mil 738 contagios, de estos 49 son activos y 342 personas han perdido la vida.<\/p>\n\n\n\n<p>La vacunaci\u00f3n contin\u00faa para personas rezagadas, complementaci\u00f3n del esquema primario y aplicaci\u00f3n de dosis de refuerzo, la dependencia convoca a la poblaci\u00f3n a inmunizarse contra esta enfermedad, ya que la evidencia cient\u00edfica ha demostrado que las vacunas son seguras y disminuyen el riesgo de hospitalizaci\u00f3n y muerte, adem\u00e1s de ser gratuitas.<\/p>\n","protected":false},"excerpt":{"rendered":"<p>Redacci\u00f3n\/Zona Roja. Oaxaca de Ju\u00e1rez, Oax. 25 de febrero de 2022.-En lo que va de&hellip;<\/p>\n","protected":false},"author":2,"featured_media":38078,"comment_status":"closed","ping_status":"open","sticky":false,"template":"","format":"standard","meta":{"_lmt_disableupdate":"","_lmt_disable":"","_jetpack_memberships_contains_paid_content":false,"footnotes":""},"categories":[109,47],"tags":[1512],"class_list":["post-38077","post","type-post","status-publish","format-standard","has-post-thumbnail","hentry","category-minuto-a-minuto","category-zona-gris","tag-coronavirus-oaxaca"],"jetpack_featured_media_url":"https:\/\/zonaroja.com.mx\/wp-content\/uploads\/2022\/02\/25-de-febrero-de-2022.-Comunicado-Tecnico-COVID-19.jpg","jetpack_sharing_enabled":true,"_links":{"self":[{"href":"https:\/\/zonaroja.com.mx\/index.php?rest_route=\/wp\/v2\/posts\/38077","targetHints":{"allow":["GET"]}}],"collection":[{"href":"https:\/\/zonaroja.com.mx\/index.php?rest_route=\/wp\/v2\/posts"}],"about":[{"href":"https:\/\/zonaroja.com.mx\/index.php?rest_route=\/wp\/v2\/types\/post"}],"author":[{"embeddable":true,"href":"https:\/\/zonaroja.com.mx\/index.php?rest_route=\/wp\/v2\/users\/2"}],"replies":[{"embeddable":true,"href":"https:\/\/zonaroja.com.mx\/index.php?rest_route=%2Fwp%2Fv2%2Fcomments&post=38077"}],"version-history":[{"count":1,"href":"https:\/\/zonaroja.com.mx\/index.php?rest_route=\/wp\/v2\/posts\/38077\/revisions"}],"predecessor-version":[{"id":38079,"href":"https:\/\/zonaroja.com.mx\/index.php?rest_route=\/wp\/v2\/posts\/38077\/revisions\/38079"}],"wp:featuredmedia":[{"embeddable":true,"href":"https:\/\/zonaroja.com.mx\/index.php?rest_route=\/wp\/v2\/media\/38078"}],"wp:attachment":[{"href":"https:\/\/zonaroja.com.mx\/index.php?rest_route=%2Fwp%2Fv2%2Fmedia&parent=38077"}],"wp:term":[{"taxonomy":"category","embeddable":true,"href":"https:\/\/zonaroja.com.mx\/index.php?rest_route=%2Fwp%2Fv2%2Fcategories&post=38077"},{"taxonomy":"post_tag","embeddable":true,"href":"https:\/\/zonaroja.com.mx\/index.php?rest_route=%2Fwp%2Fv2%2Ftags&post=38077"}],"curies":[{"name":"wp","href":"https:\/\/api.w.org\/{rel}","templated":true}]}}