{"id":38080,"date":"2022-02-26T07:53:41","date_gmt":"2022-02-26T13:53:41","guid":{"rendered":"http:\/\/www.zonaroja.com.mx\/?p=38080"},"modified":"2022-02-26T09:29:44","modified_gmt":"2022-02-26T15:29:44","slug":"e-diputados-federales-intromision-del-gobierno-en-autonomia-de-uabjo-y-exigen-respeto","status":"publish","type":"post","link":"https:\/\/zonaroja.com.mx\/?p=38080","title":{"rendered":"Acusan diputados federales intromisi\u00f3n del gobierno en autonom\u00eda de UABJO y exigen respeto"},"content":{"rendered":"\n<p>Yuridiana Sosa\/Zona Roja.<\/p>\n\n\n\n<p>Oaxaca de Ju\u00e1rez, Oax., 26 de febrero de 2022.-&nbsp; Diputados federales de Oaxaca confirmaron la injerencia del gobierno de Oaxaca en el relevo de la rector\u00eda de la Universidad Aut\u00f3noma \u201cBenito Ju\u00e1rez\u201d de Oaxaca, para imponer una persona af\u00edn, adem\u00e1s de amenazas por parte de la Secretar\u00eda General de Gobierno (Segego) a quienes defienden la autonom\u00eda de la instituci\u00f3n.<\/p>\n\n\n\n<p>Desde el Congreso federal, los legisladores manifestaron en un comunicado la defensa de la vida interna de la m\u00e1xima casa de estudios de la entidad como lo indica la Ley Org\u00e1nica, con base al estado de derecho y libertad para elegir al rector o rectora que los represente.<\/p>\n\n\n\n<p>\u201cLa autonom\u00eda de la Universidad Aut\u00f3noma &#8216;Benito Ju\u00e1rez&#8217; de Oaxaca en los \u00faltimos meses se ha visto amenazada por el gobierno de Oaxaca que ha tratado de imponer el nombramiento de un nuevo rector violentando la ley org\u00e1nica\u201d, afirm\u00f3 el grupo de diputados.<\/p>\n\n\n\n<p>En la imposici\u00f3n, apuntaron, est\u00e1 clara la participaci\u00f3n del ex rector Eduardo Mart\u00ednez Helmes, quien ahora enfrenta su proceso de defraudaci\u00f3n fiscal en prisi\u00f3n preventiva domiciliaria.<\/p>\n\n\n\n<p>\u201cSe ha denunciado p\u00fablicamente el acuerdo pol\u00edtico de operar la mayor\u00eda en el Consejo Universitario que garantice entregar al PRI el mando universitario, trabajo que se hace coordinadamente entre el Gobierno del Estado, el ex rector y el candidato que quieren imponer como nuevo rector\u201d, destac\u00f3 el comunicado.<\/p>\n\n\n\n<p>En medio de la defensa de la autonom\u00eda de la UABJO, la Secretar\u00eda General del Gobierno de Oaxaca ha realizado amenazas a l\u00edderes sindicales, directores de escuelas, facultades e institutos, as\u00ed como a consejeros universitarios para que acepten la imposici\u00f3n, informaron los diputados.<\/p>\n\n\n\n<p>Por lo que exigieron respeto a la irrestricto a la autonom\u00eda universitaria de la UABJO, Carol Altamirano, Armando Contreras, Irma Juan Carlos, Mar\u00eda Del Carmen Bautista P\u00e9rez, \u00c1ngel Dom\u00ednguez, Rosalinda Dom\u00ednguez, Zeus Garc\u00eda, Alfredo Gonz\u00e1lez, Benjam\u00edn Robles, Beatriz P\u00e9rez, Jos\u00e9 \u00c1ngel Sibaja, Azael Santiago Chepi, Juan Antonio Estefan y Maribel Mart\u00ednez Ruiz.&nbsp;<\/p>\n","protected":false},"excerpt":{"rendered":"<p>Yuridiana Sosa\/Zona Roja. Oaxaca de Ju\u00e1rez, Oax., 26 de febrero de 2022.-&nbsp; Diputados federales de&hellip;<\/p>\n","protected":false},"author":2,"featured_media":38081,"comment_status":"closed","ping_status":"open","sticky":false,"template":"","format":"standard","meta":{"_lmt_disableupdate":"","_lmt_disable":"","_jetpack_memberships_contains_paid_content":false,"footnotes":""},"categories":[109,47],"tags":[239],"class_list":["post-38080","post","type-post","status-publish","format-standard","has-post-thumbnail","hentry","category-minuto-a-minuto","category-zona-gris","tag-uabjo"],"jetpack_featured_media_url":"https:\/\/zonaroja.com.mx\/wp-content\/uploads\/2022\/02\/Desplegado-diputados-UABJO.jpg","jetpack_sharing_enabled":true,"_links":{"self":[{"href":"https:\/\/zonaroja.com.mx\/index.php?rest_route=\/wp\/v2\/posts\/38080","targetHints":{"allow":["GET"]}}],"collection":[{"href":"https:\/\/zonaroja.com.mx\/index.php?rest_route=\/wp\/v2\/posts"}],"about":[{"href":"https:\/\/zonaroja.com.mx\/index.php?rest_route=\/wp\/v2\/types\/post"}],"author":[{"embeddable":true,"href":"https:\/\/zonaroja.com.mx\/index.php?rest_route=\/wp\/v2\/users\/2"}],"replies":[{"embeddable":true,"href":"https:\/\/zonaroja.com.mx\/index.php?rest_route=%2Fwp%2Fv2%2Fcomments&post=38080"}],"version-history":[{"count":2,"href":"https:\/\/zonaroja.com.mx\/index.php?rest_route=\/wp\/v2\/posts\/38080\/revisions"}],"predecessor-version":[{"id":38096,"href":"https:\/\/zonaroja.com.mx\/index.php?rest_route=\/wp\/v2\/posts\/38080\/revisions\/38096"}],"wp:featuredmedia":[{"embeddable":true,"href":"https:\/\/zonaroja.com.mx\/index.php?rest_route=\/wp\/v2\/media\/38081"}],"wp:attachment":[{"href":"https:\/\/zonaroja.com.mx\/index.php?rest_route=%2Fwp%2Fv2%2Fmedia&parent=38080"}],"wp:term":[{"taxonomy":"category","embeddable":true,"href":"https:\/\/zonaroja.com.mx\/index.php?rest_route=%2Fwp%2Fv2%2Fcategories&post=38080"},{"taxonomy":"post_tag","embeddable":true,"href":"https:\/\/zonaroja.com.mx\/index.php?rest_route=%2Fwp%2Fv2%2Ftags&post=38080"}],"curies":[{"name":"wp","href":"https:\/\/api.w.org\/{rel}","templated":true}]}}