{"id":38106,"date":"2022-02-26T12:39:17","date_gmt":"2022-02-26T18:39:17","guid":{"rendered":"http:\/\/www.zonaroja.com.mx\/?p=38106"},"modified":"2022-02-26T12:39:19","modified_gmt":"2022-02-26T18:39:19","slug":"exige-congreso-al-ejecutivo-proteger-a-menores-de-edad-que-han-perdido-a-sus-tutores-por-covid-19","status":"publish","type":"post","link":"https:\/\/zonaroja.com.mx\/?p=38106","title":{"rendered":"Exige Congreso al Ejecutivo proteger a menores de edad que han perdido a sus tutores por Covid-19"},"content":{"rendered":"\n<p>Redacci\u00f3n\/Zona Roja.<\/p>\n\n\n\n<p>Oaxaca de Ju\u00e1rez, Oax., 26 de febrero de 2022.- El Congreso de Oaxaca exigi\u00f3 al titular del Poder Ejecutivo impulsar pol\u00edticas p\u00fablicas eficaces en apoyo a las y los infantes y adolescentes, que han perdido a sus padres o tutores a causa del Covid-19.<\/p>\n\n\n\n<p>Tras aprobar con 30 votos el punto de acuerdo, las y los diputados acordaron necesaria la intervenci\u00f3n del Estado para contrarrestar las consecuencias desafortunadas que pueden padecer los menores de edad, debido al estado de orfandad.<\/p>\n\n\n\n<p>La propuesta fue llevada al Pleno por el legislador No\u00e9 Doroteo Castillejos, quien inform\u00f3 que M\u00e9xico es el tercer pa\u00eds a escala global con el mayor n\u00famero de hu\u00e9rfanos como consecuencia de las muertes por Covid-19.<\/p>\n\n\n\n<p>Se calcula que, hasta el 22 de septiembre de 2021, 244 mil 500 ni\u00f1as, ni\u00f1os y adolescentes hab\u00edan perdido a sus padres, abuelos o personas que ten\u00edan su custodia.<\/p>\n\n\n\n<p>La pandemia del Covid-19 ha dejado estragos en distintos sectores y en el pa\u00eds, ya que a inicios de septiembre del a\u00f1o pasado hab\u00edan muerto m\u00e1s de 266 mil personas, de acuerdo con cifras oficiales.<\/p>\n\n\n\n<p>\u201cLamentablemente dicha p\u00e9rdida genera consecuencias traum\u00e1ticas tanto para la sociedad en general, como para las familias en particular\u201d, declar\u00f3 el diputado.&nbsp;<\/p>\n\n\n\n<p>Las ni\u00f1as, ni\u00f1os y adolescentes han experimentado el duelo de manera temprana al perder a sus familiares, y a lo cual se suma tambi\u00e9n el impacto por el aislamiento debido al cierre de escuelas, parques y centros de diversi\u00f3n.<\/p>\n","protected":false},"excerpt":{"rendered":"<p>Redacci\u00f3n\/Zona Roja. Oaxaca de Ju\u00e1rez, Oax., 26 de febrero de 2022.- El Congreso de Oaxaca&hellip;<\/p>\n","protected":false},"author":2,"featured_media":20382,"comment_status":"closed","ping_status":"open","sticky":false,"template":"","format":"standard","meta":{"_lmt_disableupdate":"","_lmt_disable":"","_jetpack_memberships_contains_paid_content":false,"footnotes":""},"categories":[109,47],"tags":[303],"class_list":["post-38106","post","type-post","status-publish","format-standard","has-post-thumbnail","hentry","category-minuto-a-minuto","category-zona-gris","tag-congreso-del-estado-de-oaxaca"],"jetpack_featured_media_url":"https:\/\/zonaroja.com.mx\/wp-content\/uploads\/2020\/11\/Menores-de-edad-Covid.jpg","jetpack_sharing_enabled":true,"_links":{"self":[{"href":"https:\/\/zonaroja.com.mx\/index.php?rest_route=\/wp\/v2\/posts\/38106","targetHints":{"allow":["GET"]}}],"collection":[{"href":"https:\/\/zonaroja.com.mx\/index.php?rest_route=\/wp\/v2\/posts"}],"about":[{"href":"https:\/\/zonaroja.com.mx\/index.php?rest_route=\/wp\/v2\/types\/post"}],"author":[{"embeddable":true,"href":"https:\/\/zonaroja.com.mx\/index.php?rest_route=\/wp\/v2\/users\/2"}],"replies":[{"embeddable":true,"href":"https:\/\/zonaroja.com.mx\/index.php?rest_route=%2Fwp%2Fv2%2Fcomments&post=38106"}],"version-history":[{"count":1,"href":"https:\/\/zonaroja.com.mx\/index.php?rest_route=\/wp\/v2\/posts\/38106\/revisions"}],"predecessor-version":[{"id":38107,"href":"https:\/\/zonaroja.com.mx\/index.php?rest_route=\/wp\/v2\/posts\/38106\/revisions\/38107"}],"wp:featuredmedia":[{"embeddable":true,"href":"https:\/\/zonaroja.com.mx\/index.php?rest_route=\/wp\/v2\/media\/20382"}],"wp:attachment":[{"href":"https:\/\/zonaroja.com.mx\/index.php?rest_route=%2Fwp%2Fv2%2Fmedia&parent=38106"}],"wp:term":[{"taxonomy":"category","embeddable":true,"href":"https:\/\/zonaroja.com.mx\/index.php?rest_route=%2Fwp%2Fv2%2Fcategories&post=38106"},{"taxonomy":"post_tag","embeddable":true,"href":"https:\/\/zonaroja.com.mx\/index.php?rest_route=%2Fwp%2Fv2%2Ftags&post=38106"}],"curies":[{"name":"wp","href":"https:\/\/api.w.org\/{rel}","templated":true}]}}