{"id":38111,"date":"2022-02-26T18:13:29","date_gmt":"2022-02-27T00:13:29","guid":{"rendered":"http:\/\/www.zonaroja.com.mx\/?p=38111"},"modified":"2022-02-26T18:13:30","modified_gmt":"2022-02-27T00:13:30","slug":"marchan-para-exigir-justicia-para-leslie-fiscalia-se-compromete-a-actuar","status":"publish","type":"post","link":"https:\/\/zonaroja.com.mx\/?p=38111","title":{"rendered":"Marchan para exigir justicia para Leslie; Fiscal\u00eda se compromete a actuar"},"content":{"rendered":"\n<p>Redacci\u00f3n\/Zona Roja.<\/p>\n\n\n\n<p>Oaxaca de Ju\u00e1rez, Oax., 26 de febrero de 2022.- Familiares de la adolescente Leslie Shantal, atropellada el pasado jueves por un individuo que intent\u00f3 fugarse y se niega a pagar atenci\u00f3n m\u00e9dica, marcharon hoy en la capital de Oaxaca.<\/p>\n\n\n\n<p>Del parque \u00abEl Llano\u00bb al z\u00f3calo fue la movilizaci\u00f3n pac\u00edfica de padres de familia y alumnos del Instituto \u00abBlaise Pascal\u00bb, donde estudia la menor y quien fue intervenida quir\u00fargicamente ayer.<\/p>\n\n\n\n<p>En la protesta denunciaron que las autoridades estatales pretenden liberar al detenido y responsable del percance, quien se ostenta como una persona influyente con amigos en el Gobierno del Estado.<\/p>\n\n\n\n<p>Tras ello, la Fiscal\u00eda General del Estado inform\u00f3 que llevar\u00e1 ante el Juez de Control a la persona del sexo masculino identificada como C. J. G. M. (Carlos de Jes\u00fas Garc\u00eda Morales), imputado por los delitos de lesiones dolosas y da\u00f1os culposos por tr\u00e1nsito de veh\u00edculos, tras aparentemente provocar un accidente y atropellar a una adolescente del sexo femenino, hechos ocurridos el 24 de febrero de 2022 sobre la Carretera Federal 190, en inmediaciones del municipio de Santa Luc\u00eda del Camino.<\/p>\n\n\n\n<figure class=\"wp-block-embed is-type-rich is-provider-twitter wp-block-embed-twitter\"><div class=\"wp-block-embed__wrapper\">\n<div class=\"twitter-tweet\"><blockquote class=\"twitter-tweet\" data-lang=\"es\"><p lang=\"es\" dir=\"ltr\"><a href=\"https:\/\/twitter.com\/hashtag\/%C3%9AltimoMinuto?src=hash&amp;ref_src=twsrc%5Etfw\">#\u00daltimoMinuto<\/a> <br>Familiares de Leslie, adolescente atropellada en la zona metropolitana de la ciudad de <a href=\"https:\/\/twitter.com\/hashtag\/Oaxaca?src=hash&amp;ref_src=twsrc%5Etfw\">#Oaxaca<\/a> el pasado jueves, exigen a la <a href=\"https:\/\/twitter.com\/FISCALIA_GobOax?ref_src=twsrc%5Etfw\">@FISCALIA_GobOax<\/a> no libere al probable autor del percance, Carlos de Jes\u00fas Garc\u00eda Morales, quien se ha negado a pagar los da\u00f1os causados. <a href=\"https:\/\/t.co\/VVQJ7M7GgY\">pic.twitter.com\/VVQJ7M7GgY<\/a><\/p>&mdash; Zona Roja Oaxaca (@ZonaRoja_Oaxaca) <a href=\"https:\/\/twitter.com\/ZonaRoja_Oaxaca\/status\/1497686478838767621?ref_src=twsrc%5Etfw\">26 de febrero de 2022<\/a><\/blockquote><\/div>\n<\/div><\/figure>\n\n\n\n<p>En un comunicado, inform\u00f3 que luego del incidente, la v\u00edctima fue trasladada a un hospital donde permanece internada, adem\u00e1s que el probable responsable fue sometido a una certificaci\u00f3n m\u00e9dica que revel\u00f3 que conduc\u00eda en tercer periodo de ebriedad, por lo que qued\u00f3 detenido y actualmente se encuentra bajo resguardo en los separos.<\/p>\n\n\n\n<p>Ser\u00e1 la noche de este s\u00e1bado 26 de febrero, cuando el Agente del Ministerio P\u00fablico presente el caso ante el Juez de Control que atiende la causa, para determinar la situaci\u00f3n jur\u00eddica del imputado.<\/p>\n\n\n\n<p>La Fiscal\u00eda inici\u00f3 la carpeta de investigaci\u00f3n 6484\/FVCE\/OAXACA\/2022, por este caso que sucedi\u00f3 la tarde del pasado jueves 24 de febrero.<\/p>\n\n\n\n<p>\u00abAnte estos hechos, la Fiscal\u00eda de Oaxaca se compromete a realizar una investigaci\u00f3n exhaustiva para que los delitos cometidos no queden en la impunidad\u00bb.<\/p>\n","protected":false},"excerpt":{"rendered":"<p>Redacci\u00f3n\/Zona Roja. Oaxaca de Ju\u00e1rez, Oax., 26 de febrero de 2022.- Familiares de la adolescente&hellip;<\/p>\n","protected":false},"author":2,"featured_media":38112,"comment_status":"closed","ping_status":"open","sticky":false,"template":"","format":"standard","meta":{"_lmt_disableupdate":"","_lmt_disable":"","_jetpack_memberships_contains_paid_content":false,"footnotes":""},"categories":[109,47],"tags":[],"class_list":["post-38111","post","type-post","status-publish","format-standard","has-post-thumbnail","hentry","category-minuto-a-minuto","category-zona-gris"],"jetpack_featured_media_url":"https:\/\/zonaroja.com.mx\/wp-content\/uploads\/2022\/02\/Marcha-por-Leslie-Oaxaca.jpg","jetpack_sharing_enabled":true,"_links":{"self":[{"href":"https:\/\/zonaroja.com.mx\/index.php?rest_route=\/wp\/v2\/posts\/38111","targetHints":{"allow":["GET"]}}],"collection":[{"href":"https:\/\/zonaroja.com.mx\/index.php?rest_route=\/wp\/v2\/posts"}],"about":[{"href":"https:\/\/zonaroja.com.mx\/index.php?rest_route=\/wp\/v2\/types\/post"}],"author":[{"embeddable":true,"href":"https:\/\/zonaroja.com.mx\/index.php?rest_route=\/wp\/v2\/users\/2"}],"replies":[{"embeddable":true,"href":"https:\/\/zonaroja.com.mx\/index.php?rest_route=%2Fwp%2Fv2%2Fcomments&post=38111"}],"version-history":[{"count":1,"href":"https:\/\/zonaroja.com.mx\/index.php?rest_route=\/wp\/v2\/posts\/38111\/revisions"}],"predecessor-version":[{"id":38113,"href":"https:\/\/zonaroja.com.mx\/index.php?rest_route=\/wp\/v2\/posts\/38111\/revisions\/38113"}],"wp:featuredmedia":[{"embeddable":true,"href":"https:\/\/zonaroja.com.mx\/index.php?rest_route=\/wp\/v2\/media\/38112"}],"wp:attachment":[{"href":"https:\/\/zonaroja.com.mx\/index.php?rest_route=%2Fwp%2Fv2%2Fmedia&parent=38111"}],"wp:term":[{"taxonomy":"category","embeddable":true,"href":"https:\/\/zonaroja.com.mx\/index.php?rest_route=%2Fwp%2Fv2%2Fcategories&post=38111"},{"taxonomy":"post_tag","embeddable":true,"href":"https:\/\/zonaroja.com.mx\/index.php?rest_route=%2Fwp%2Fv2%2Ftags&post=38111"}],"curies":[{"name":"wp","href":"https:\/\/api.w.org\/{rel}","templated":true}]}}