{"id":38118,"date":"2022-02-26T14:14:19","date_gmt":"2022-02-26T20:14:19","guid":{"rendered":"https:\/\/www.zonaroja.com.mx\/?p=38118"},"modified":"2022-02-26T19:15:11","modified_gmt":"2022-02-27T01:15:11","slug":"38118","status":"publish","type":"post","link":"https:\/\/zonaroja.com.mx\/?p=38118","title":{"rendered":"Violencia regresa a Laollaga por elecciones extraordinarias"},"content":{"rendered":"\n<p>Yuridiana Sosa\/Zona Roja.<\/p>\n\n\n\n<p>Oaxaca de Ju\u00e1rez, Oax., 26 de febrero de 2022.- Un grupo de personas prendi\u00f3 fuego a neum\u00e1ticos y una motocicleta en el palacio municipal de Santiago Laollaga, en la regi\u00f3n del Istmo, donde tambi\u00e9n realiz\u00f3 pintas en rechazo de la elecci\u00f3n extraordinaria programada para&nbsp;el 27 de marzo.<\/p>\n\n\n\n<p>El hecho se registr\u00f3 la noche de&nbsp;este viernes, pr\u00e1cticamente a un mes de que se realice la jornada programada por el Instituto Estatal Electoral y de Participaci\u00f3n Ciudadana de Oaxaca (IEEPCO), para reponer el proceso del 6 de junio de 2021.<\/p>\n\n\n\n<p>Los inconformes con la nueva elecci\u00f3n refieren que no existen condiciones en esta comunidad istme\u00f1a, donde actualmente se encuentra un comisionado ante la falta de un presidente municipal.<\/p>\n\n\n\n<p>El pasado&nbsp;6 de junio&nbsp;la jornada fue cancelada ante actos violentos que se registraron en el desarrollo de la elecci\u00f3n, con el saldo de una persona muerta a golpes y una m\u00e1s lesionada.<\/p>\n\n\n\n<p>Previo al inicio de esos comicios, cerca&nbsp;de las 08:00horas, una casilla fue incendiada por un grupo de personas que lograron darse a la fuga, pero que presuntamente eran lideradas por Antonio Toledo, hermano de una candidata a la diputaci\u00f3n local y por Humberto Alcal\u00e1, ex dirigente de la Secci\u00f3n 22 del SNTE.<\/p>\n\n\n\n<p>Horas despu\u00e9s, se registr\u00f3 un enfrentamiento entre pobladores y un grupo que irrumpi\u00f3 de manera violenta una de las casillas, sin embargo, la comunidad logr\u00f3 retener a sujetos, uno de ellos muri\u00f3 a causa de los golpes.<\/p>\n\n\n\n<p>Sin embargo, existen otros antecedentes violentos en este municipio por temas electorales, como ocurri\u00f3 en el 2010, cuando un grupo de personas incendiaron el palacio municipal en rechazo a los resultados de la jornada.<\/p>\n","protected":false},"excerpt":{"rendered":"<p>Yuridiana Sosa\/Zona Roja. Oaxaca de Ju\u00e1rez, Oax., 26 de febrero de 2022.- Un grupo de&hellip;<\/p>\n","protected":false},"author":2,"featured_media":38108,"comment_status":"closed","ping_status":"open","sticky":false,"template":"","format":"standard","meta":{"_lmt_disableupdate":"","_lmt_disable":"","_jetpack_memberships_contains_paid_content":false,"footnotes":""},"categories":[109,47],"tags":[3045],"class_list":["post-38118","post","type-post","status-publish","format-standard","has-post-thumbnail","hentry","category-minuto-a-minuto","category-zona-gris","tag-santiago-laollaga"],"jetpack_featured_media_url":"https:\/\/zonaroja.com.mx\/wp-content\/uploads\/2022\/02\/b043f5b4-004e-4003-9451-e7d67f34bd25.jpg","jetpack_sharing_enabled":true,"_links":{"self":[{"href":"https:\/\/zonaroja.com.mx\/index.php?rest_route=\/wp\/v2\/posts\/38118","targetHints":{"allow":["GET"]}}],"collection":[{"href":"https:\/\/zonaroja.com.mx\/index.php?rest_route=\/wp\/v2\/posts"}],"about":[{"href":"https:\/\/zonaroja.com.mx\/index.php?rest_route=\/wp\/v2\/types\/post"}],"author":[{"embeddable":true,"href":"https:\/\/zonaroja.com.mx\/index.php?rest_route=\/wp\/v2\/users\/2"}],"replies":[{"embeddable":true,"href":"https:\/\/zonaroja.com.mx\/index.php?rest_route=%2Fwp%2Fv2%2Fcomments&post=38118"}],"version-history":[{"count":2,"href":"https:\/\/zonaroja.com.mx\/index.php?rest_route=\/wp\/v2\/posts\/38118\/revisions"}],"predecessor-version":[{"id":38120,"href":"https:\/\/zonaroja.com.mx\/index.php?rest_route=\/wp\/v2\/posts\/38118\/revisions\/38120"}],"wp:featuredmedia":[{"embeddable":true,"href":"https:\/\/zonaroja.com.mx\/index.php?rest_route=\/wp\/v2\/media\/38108"}],"wp:attachment":[{"href":"https:\/\/zonaroja.com.mx\/index.php?rest_route=%2Fwp%2Fv2%2Fmedia&parent=38118"}],"wp:term":[{"taxonomy":"category","embeddable":true,"href":"https:\/\/zonaroja.com.mx\/index.php?rest_route=%2Fwp%2Fv2%2Fcategories&post=38118"},{"taxonomy":"post_tag","embeddable":true,"href":"https:\/\/zonaroja.com.mx\/index.php?rest_route=%2Fwp%2Fv2%2Ftags&post=38118"}],"curies":[{"name":"wp","href":"https:\/\/api.w.org\/{rel}","templated":true}]}}