{"id":38123,"date":"2022-02-27T07:54:12","date_gmt":"2022-02-27T13:54:12","guid":{"rendered":"http:\/\/www.zonaroja.com.mx\/?p=38123"},"modified":"2022-02-27T07:54:13","modified_gmt":"2022-02-27T13:54:13","slug":"aumenta-desaparicion-de-menores-de-edad-en-una-semana","status":"publish","type":"post","link":"https:\/\/zonaroja.com.mx\/?p=38123","title":{"rendered":"Aumenta desaparici\u00f3n de menores de edad en una semana"},"content":{"rendered":"\n<p>Yuridiana Sosa \/ Zona Roja<\/p>\n\n\n\n<p>Oaxaca de Ju\u00e1rez, Oax., 26 de febrero de 2022.- En el transcurso de una semana, se han reportado como desaparecidos unas 21 personas, entre mujeres y hombres adultos, menores de edad e infantes en territorio oaxaque\u00f1a, de acuerdo a datos de la Unidad de B\u00fasqueda de Personas Desaparecidas y No Localizadas de la Fiscal\u00eda General de Oaxaca.<\/p>\n\n\n\n<p>Del total de las personas no localizadas, cinco son mujeres menores de edad, adem\u00e1s de cinco infantes entre los cinco meses y seis a\u00f1os de edad, algunos de ellos quienes desaparecieron junto a sus madres.<\/p>\n\n\n\n<p>Apenas ayer se difundi\u00f3 la ficha para buscar a Juana Mota \u00c1viula, vista por \u00faltima vez en Tepelmeme Villa de Morelos, el pasado 22 de febrero; adem\u00e1s, de Emily Valeria Garc\u00eda Vera, de 15 a\u00f1os de edad, desaparecida el 22 de febrero en Trinidad de las Huertas, ciudad de Oaxaca.<\/p>\n\n\n\n<p>Entre otras menores de edad que son buscadas, se encuentra Mia Rub\u00ed Bautista Valdivieso, de 17 a\u00f1os, vista por \u00faltima vez el pasado 21 de febrero en la agencia de Pueblo Nuevo, en el municipio de Oaxaca de Ju\u00e1rez.<\/p>\n\n\n\n<p>El jueves pasado, se lanz\u00f3 el llamado para localizar a Vanesa L\u00f3pez Alonso de 14 a\u00f1os, de quien se desconoce su paradero desde el 17 de febrero, luego de ser vista en la colonia Las Culturas, del municipio conurbado de Santa Cruz Xoxocotl\u00e1n.<\/p>\n\n\n\n<p>Yaritza Morales S\u00e1nchez, de 16 a\u00f1os de edad tambi\u00e9n es buscada por su familia y autoridades; ella desapareci\u00f3 el 16 de febrero en la agencia de Guadalupe Victoria, del municipio de Loma Bonita.<\/p>\n\n\n\n<p>Mientras que Alheli P\u00e9rez Fajardo, de 15 a\u00f1os, desapareci\u00f3 el 21 de febrero, luego de ser vista por \u00faltima vez en la calle Plutarco El\u00edas Calles, de la agencia de Pueblo Nuevo, del municipio de Oaxaca de Ju\u00e1rez.<\/p>\n\n\n\n<p>Esta semana se report\u00f3 la no localizaci\u00f3n de otras tres adolescentes desaparecidas una semana antes. Son Laura Carolina Reyes P\u00e9rez, de 13 a\u00f1os, vista por \u00faltima vez el 17 de febrero en la Colonia Sat\u00e9lite, de la Agencia de 5 Se\u00f1ores, en la capital.&nbsp;<\/p>\n\n\n\n<p>As\u00ed como de Britceida Itzel Hern\u00e1ndez Aquino, de 16 a\u00f1os, de quien se perdi\u00f3 contacto desde el pasado 15 de febrero de 2022, en Oaxaca de Ju\u00e1rez.<\/p>\n\n\n\n<p>Por Alerta Amber, se busca a una menor de ocho meses, desaparecida el 23 de febrero en La Uni\u00f3n Tepelmeme, de Villa De Morelos, Coixtlahuaca, Oaxaca.<\/p>\n\n\n\n<p>Las autoridades y familias piden la colaboraci\u00f3n de la poblaci\u00f3n para tambi\u00e9n localizar a Celeste Rub\u00ed Mart\u00ednez Rend\u00f3n de 18 a\u00f1os, vista desde el pasado 23 de febrero en Teotitl\u00e1n de Flores Mag\u00f3n.&nbsp;<\/p>\n\n\n\n<p>En dos casos, se busca a mujeres y menores &nbsp;que desaparecieron juntos. Son los casos de Merari Hasbet R\u00edos R\u00edos, de 18 a\u00f1os y una menor de cinco meses de edad, del sexo femenino, vistas por \u00faltima vez el 21 de febrero en la Colonia Independencia, de Puerto Escondido, del municipio de San Pedro Mixtepec.<\/p>\n\n\n\n<p>As\u00ed como Carolina Franco Gonz\u00e1lez, de 37 a\u00f1os, que junto con Alejandro Azarel e Israel de Apellidos Mart\u00ednez Franco de cuatro y seis a\u00f1os, desaparecieron el 17 de enero en el municipio de San Francisco Tutla.<\/p>\n\n\n\n<p>A la lista se suma Margarita S\u00e1nchez Navarrete de 19 a\u00f1os, vista por \u00faltima vez desde enero de este a\u00f1o en San Juan Bautista Tuxtepec.<\/p>\n\n\n\n<p>VARONES&nbsp;<\/p>\n\n\n\n<p>Un menor de cinco a\u00f1os de edad, identificado como Erick Daniel Rodr\u00edguez D\u00edaz, es buscado luego de ser visto el 19 de febrero en la Colonia Morelos, del municipio de Salina Cruz. Mientras que Carlos Eliud Vallego S\u00e1nchez 15 a\u00f1os, desapareci\u00f3 el 16 de febrero en Guadalupe Victoria, del municipio de Loma Bonita.<\/p>\n\n\n\n<p>Josu\u00e9 Celerino Ram\u00edrez Macario de 38 a\u00f1os fue visto por \u00faltima vez el 23 de enero San Juan Bautista Tuxtepec; &nbsp;Josu\u00e9 Mart\u00ednez R\u00edos, 28 a\u00f1os, el 17 de febrero en &nbsp;Santo Domingo Xagac\u00eda, de San Ildefonso Villa Alta; Crisanto Crisp\u00edn Guzm\u00e1n Garc\u00eda, 46 a\u00f1os, el 21 de febrero en La Compa\u00f1\u00eda de Ejutla De Crespo y Jos\u00e9 Luis Reyes Anastacio, de 31 a\u00f1os, visto por \u00faltima vez el d\u00eda 10 de febrero en Juchit\u00e1n de Zaragoza.<\/p>\n","protected":false},"excerpt":{"rendered":"<p>Yuridiana Sosa \/ Zona Roja Oaxaca de Ju\u00e1rez, Oax., 26 de febrero de 2022.- En&hellip;<\/p>\n","protected":false},"author":2,"featured_media":38124,"comment_status":"closed","ping_status":"open","sticky":false,"template":"","format":"standard","meta":{"_lmt_disableupdate":"","_lmt_disable":"","_jetpack_memberships_contains_paid_content":false,"footnotes":""},"categories":[109,47],"tags":[455],"class_list":["post-38123","post","type-post","status-publish","format-standard","has-post-thumbnail","hentry","category-minuto-a-minuto","category-zona-gris","tag-mujeres-desaparecidas-oaxaca"],"jetpack_featured_media_url":"https:\/\/zonaroja.com.mx\/wp-content\/uploads\/2022\/02\/Desaparecidas-Oaxaca.jpg","jetpack_sharing_enabled":true,"_links":{"self":[{"href":"https:\/\/zonaroja.com.mx\/index.php?rest_route=\/wp\/v2\/posts\/38123","targetHints":{"allow":["GET"]}}],"collection":[{"href":"https:\/\/zonaroja.com.mx\/index.php?rest_route=\/wp\/v2\/posts"}],"about":[{"href":"https:\/\/zonaroja.com.mx\/index.php?rest_route=\/wp\/v2\/types\/post"}],"author":[{"embeddable":true,"href":"https:\/\/zonaroja.com.mx\/index.php?rest_route=\/wp\/v2\/users\/2"}],"replies":[{"embeddable":true,"href":"https:\/\/zonaroja.com.mx\/index.php?rest_route=%2Fwp%2Fv2%2Fcomments&post=38123"}],"version-history":[{"count":1,"href":"https:\/\/zonaroja.com.mx\/index.php?rest_route=\/wp\/v2\/posts\/38123\/revisions"}],"predecessor-version":[{"id":38125,"href":"https:\/\/zonaroja.com.mx\/index.php?rest_route=\/wp\/v2\/posts\/38123\/revisions\/38125"}],"wp:featuredmedia":[{"embeddable":true,"href":"https:\/\/zonaroja.com.mx\/index.php?rest_route=\/wp\/v2\/media\/38124"}],"wp:attachment":[{"href":"https:\/\/zonaroja.com.mx\/index.php?rest_route=%2Fwp%2Fv2%2Fmedia&parent=38123"}],"wp:term":[{"taxonomy":"category","embeddable":true,"href":"https:\/\/zonaroja.com.mx\/index.php?rest_route=%2Fwp%2Fv2%2Fcategories&post=38123"},{"taxonomy":"post_tag","embeddable":true,"href":"https:\/\/zonaroja.com.mx\/index.php?rest_route=%2Fwp%2Fv2%2Ftags&post=38123"}],"curies":[{"name":"wp","href":"https:\/\/api.w.org\/{rel}","templated":true}]}}