{"id":38126,"date":"2022-02-27T08:02:31","date_gmt":"2022-02-27T14:02:31","guid":{"rendered":"http:\/\/www.zonaroja.com.mx\/?p=38126"},"modified":"2022-02-27T08:02:32","modified_gmt":"2022-02-27T14:02:32","slug":"docentes-indigenas-de-telebachilleratos-denuncian-acoso-laboral-de-lider-del-sttbceo","status":"publish","type":"post","link":"https:\/\/zonaroja.com.mx\/?p=38126","title":{"rendered":"Docentes ind\u00edgenas de Telebachilleratos denuncian acoso laboral de l\u00edder del STTBCEO"},"content":{"rendered":"\n<p>Yuridiana Sosa\/ Zona Roja<\/p>\n\n\n\n<p>Oaxaca de Ju\u00e1rez, Oax., 27 de febrero de 2022.- Por su origen ind\u00edgena, hablante de la lengua mixe y no vestir con prendas de moda, Sof\u00eda V\u00e1zquez Mart\u00ednez, es v\u00edctima de hostigamiento laboral por parte del secretario General del Sindicato \u00danico de Trabajadores del Telebachillerato Comunitario del Estado de Oaxaca (SUTTBCEO), Celestino Jim\u00e9nez Aparicio.<\/p>\n\n\n\n<p>Docentes de los Telebachillerato Comunitario de Oaxaca denunciaron en conferencia de prensa los abusos del dirigente, contra quien tambi\u00e9n presentaron denuncias ante la Fiscal\u00eda General de Oaxaca y ante la Defensor\u00eda de los Derechos Humanos del Pueblo de Oaxaca (DDHPO).<\/p>\n\n\n\n<p>Desde octubre pasado el secretario General ha intentado, por medio de directivos, el despido de Sof\u00eda V\u00e1zquez, contra quien manifiestan que no habla bien para dar clases, que no se viste ni se arregla como tras maestras, adem\u00e1s que cuenta cuentan con mejor personal para que ocupe su lugar.<\/p>\n\n\n\n<p>\u201cEstoy en derecho de pelear mi plaza, no es justo que me est\u00e9n amenazando y hostigando\u201d, apunt\u00f3 la afectada, quien aclar\u00f3 que no entiende el inter\u00e9s de ese espacio laboral cuando el salario que reciben es poco.&nbsp;<\/p>\n\n\n\n<p>Por su parte, Laura Vargas V\u00e1zquez, dijo que existen m\u00e1s compa\u00f1eros y compa\u00f1eras que sufren de esta violencia laboral y contra su derecho al trabajo, pero no se atreven a denunciar.<\/p>\n\n\n\n<p>Ante esta situaci\u00f3n, realizaron un llamado al gobernador del estado, Alejandro Murat, a su esposa, Ivette Mor\u00e1n y autoridades correspondientes para detener esta problem\u00e1tica, en la que Celestino Jim\u00e9nez ya busc\u00f3 hasta el respaldo de organizaciones sociales para protegerse.<\/p>\n\n\n\n<p>Pues, ahora la queja del SUTTBCEO contra la directora Bel\u00e9n Morales es porque no cedi\u00f3 al despido injustificado de trabajadores y por las denuncias ante la Fiscal\u00eda de Oaxaca que ella present\u00f3 por tambi\u00e9n ser v\u00edctima de hostigamiento laboral por parte de Jim\u00e9nez Aparicio.<\/p>\n","protected":false},"excerpt":{"rendered":"<p>Yuridiana Sosa\/ Zona Roja Oaxaca de Ju\u00e1rez, Oax., 27 de febrero de 2022.- Por su&hellip;<\/p>\n","protected":false},"author":2,"featured_media":38127,"comment_status":"closed","ping_status":"open","sticky":false,"template":"","format":"standard","meta":{"_lmt_disableupdate":"","_lmt_disable":"","_jetpack_memberships_contains_paid_content":false,"footnotes":""},"categories":[109,47],"tags":[3047],"class_list":["post-38126","post","type-post","status-publish","format-standard","has-post-thumbnail","hentry","category-minuto-a-minuto","category-zona-gris","tag-celestino-jimenez-aparicio"],"jetpack_featured_media_url":"https:\/\/zonaroja.com.mx\/wp-content\/uploads\/2022\/02\/Celestino-Jimenez-Aparicio.jpg","jetpack_sharing_enabled":true,"_links":{"self":[{"href":"https:\/\/zonaroja.com.mx\/index.php?rest_route=\/wp\/v2\/posts\/38126","targetHints":{"allow":["GET"]}}],"collection":[{"href":"https:\/\/zonaroja.com.mx\/index.php?rest_route=\/wp\/v2\/posts"}],"about":[{"href":"https:\/\/zonaroja.com.mx\/index.php?rest_route=\/wp\/v2\/types\/post"}],"author":[{"embeddable":true,"href":"https:\/\/zonaroja.com.mx\/index.php?rest_route=\/wp\/v2\/users\/2"}],"replies":[{"embeddable":true,"href":"https:\/\/zonaroja.com.mx\/index.php?rest_route=%2Fwp%2Fv2%2Fcomments&post=38126"}],"version-history":[{"count":1,"href":"https:\/\/zonaroja.com.mx\/index.php?rest_route=\/wp\/v2\/posts\/38126\/revisions"}],"predecessor-version":[{"id":38128,"href":"https:\/\/zonaroja.com.mx\/index.php?rest_route=\/wp\/v2\/posts\/38126\/revisions\/38128"}],"wp:featuredmedia":[{"embeddable":true,"href":"https:\/\/zonaroja.com.mx\/index.php?rest_route=\/wp\/v2\/media\/38127"}],"wp:attachment":[{"href":"https:\/\/zonaroja.com.mx\/index.php?rest_route=%2Fwp%2Fv2%2Fmedia&parent=38126"}],"wp:term":[{"taxonomy":"category","embeddable":true,"href":"https:\/\/zonaroja.com.mx\/index.php?rest_route=%2Fwp%2Fv2%2Fcategories&post=38126"},{"taxonomy":"post_tag","embeddable":true,"href":"https:\/\/zonaroja.com.mx\/index.php?rest_route=%2Fwp%2Fv2%2Ftags&post=38126"}],"curies":[{"name":"wp","href":"https:\/\/api.w.org\/{rel}","templated":true}]}}