{"id":38142,"date":"2022-02-27T18:46:23","date_gmt":"2022-02-28T00:46:23","guid":{"rendered":"http:\/\/www.zonaroja.com.mx\/?p=38142"},"modified":"2022-02-27T18:46:24","modified_gmt":"2022-02-28T00:46:24","slug":"detienen-en-oaxaca-a-banda-de-colombiano-que-extorsionaba-con-gota-a-gota","status":"publish","type":"post","link":"https:\/\/zonaroja.com.mx\/?p=38142","title":{"rendered":"Detienen en Oaxaca a banda de colombiano que extorsionaba con \u00abGota a gota\u00bb"},"content":{"rendered":"\n<p>Redacci\u00f3n\/Zona Roja.<\/p>\n\n\n\n<p>Oaxaca de Ju\u00e1rez, Max., 27 de octubre de 2022.- Personal de la Agencia Estatal de Investigaciones (AEI), dependiente de la Fiscal\u00eda General del Estado de Oaxaca, detuvo a una banda que presuntamente se dedicaba a extorsionar mediante el programa \u00abGota a gota\u00bb y que es encabezado por un colombiano.<\/p>\n\n\n\n<p>Fueron pobladores de San Pablo Huixtepec, del distrito de Zimatl\u00e1n, quienes solicitaron la ayuda de la autoridad municipal, pues tres personas amenazan a una familia con asesinarla si no pagaban el pr\u00e9stamo que les hab\u00edan hecho, con altos intereses.<\/p>\n\n\n\n<p>Tras ello, se logr\u00f3 la detenci\u00f3n de V\u00edctor Fabi\u00e1n T. V., de 32 a\u00f1os de edad, quien es originario de Colombia; Jennifer P. S., de 28 a\u00f1os, y Miguel \u00c1ngel H. P., de 36 a\u00f1os y turnados ante el agente del Ministerio P\u00fablico.<\/p>\n\n\n\n<p>Seg\u00fan los afectados, las tres personas se trasladaban a bordo de un taxi colectivo for\u00e1neo, ajeno a dicho municipio e intimidaban a los moradores que hab\u00edan solicitado pr\u00e9stamos y se negaban a pagar.<\/p>\n\n\n\n<p>Aunado a ello, los tres son integrantes de \u00abGota a gota\u00bb llevaban una bolsita de naylon transparente conteniendo hierba seca con caracter\u00edstica al parecer marihuana y un frasco con droga conocida como cristal.<\/p>\n\n\n\n<p>Los detenidos y la unidad de motor marca Nissan tipo Tsuru quedaron a disposici\u00f3n del agente del Ministerio P\u00fablico para que se determine su situaci\u00f3n jur\u00eddica. Les incautaron tambi\u00e9n dinero en efectivo.<\/p>\n","protected":false},"excerpt":{"rendered":"<p>Redacci\u00f3n\/Zona Roja. Oaxaca de Ju\u00e1rez, Max., 27 de octubre de 2022.- Personal de la Agencia&hellip;<\/p>\n","protected":false},"author":2,"featured_media":38143,"comment_status":"closed","ping_status":"open","sticky":false,"template":"","format":"standard","meta":{"_lmt_disableupdate":"","_lmt_disable":"","_jetpack_memberships_contains_paid_content":false,"footnotes":""},"categories":[109,47],"tags":[3048],"class_list":["post-38142","post","type-post","status-publish","format-standard","has-post-thumbnail","hentry","category-minuto-a-minuto","category-zona-gris","tag-colombianos-gota-a-gota"],"jetpack_featured_media_url":"https:\/\/zonaroja.com.mx\/wp-content\/uploads\/2022\/02\/Colombianos-detenidos.jpg","jetpack_sharing_enabled":true,"_links":{"self":[{"href":"https:\/\/zonaroja.com.mx\/index.php?rest_route=\/wp\/v2\/posts\/38142","targetHints":{"allow":["GET"]}}],"collection":[{"href":"https:\/\/zonaroja.com.mx\/index.php?rest_route=\/wp\/v2\/posts"}],"about":[{"href":"https:\/\/zonaroja.com.mx\/index.php?rest_route=\/wp\/v2\/types\/post"}],"author":[{"embeddable":true,"href":"https:\/\/zonaroja.com.mx\/index.php?rest_route=\/wp\/v2\/users\/2"}],"replies":[{"embeddable":true,"href":"https:\/\/zonaroja.com.mx\/index.php?rest_route=%2Fwp%2Fv2%2Fcomments&post=38142"}],"version-history":[{"count":1,"href":"https:\/\/zonaroja.com.mx\/index.php?rest_route=\/wp\/v2\/posts\/38142\/revisions"}],"predecessor-version":[{"id":38144,"href":"https:\/\/zonaroja.com.mx\/index.php?rest_route=\/wp\/v2\/posts\/38142\/revisions\/38144"}],"wp:featuredmedia":[{"embeddable":true,"href":"https:\/\/zonaroja.com.mx\/index.php?rest_route=\/wp\/v2\/media\/38143"}],"wp:attachment":[{"href":"https:\/\/zonaroja.com.mx\/index.php?rest_route=%2Fwp%2Fv2%2Fmedia&parent=38142"}],"wp:term":[{"taxonomy":"category","embeddable":true,"href":"https:\/\/zonaroja.com.mx\/index.php?rest_route=%2Fwp%2Fv2%2Fcategories&post=38142"},{"taxonomy":"post_tag","embeddable":true,"href":"https:\/\/zonaroja.com.mx\/index.php?rest_route=%2Fwp%2Fv2%2Ftags&post=38142"}],"curies":[{"name":"wp","href":"https:\/\/api.w.org\/{rel}","templated":true}]}}