{"id":38149,"date":"2022-02-27T21:09:55","date_gmt":"2022-02-28T03:09:55","guid":{"rendered":"http:\/\/www.zonaroja.com.mx\/?p=38149"},"modified":"2022-02-27T21:09:57","modified_gmt":"2022-02-28T03:09:57","slug":"indigna-asesinato-de-tres-jovenes-oaxaquenos-en-eu","status":"publish","type":"post","link":"https:\/\/zonaroja.com.mx\/?p=38149","title":{"rendered":"Indigna asesinato de tres j\u00f3venes oaxaque\u00f1os en EU"},"content":{"rendered":"\n<p>Redacci\u00f3n\/Zona Roja.<\/p>\n\n\n\n<p>Oaxaca de Ju\u00e1rez, Oax., 27 de febrero de 2022.- Tres j\u00f3venes oaxaque\u00f1os originarios de Santo Domingo Tepuxtepec Mixe, municipio de la regi\u00f3n Sierra Norte, fueron asesinados el pasado 20 de febrero de este a\u00f1o en la ciudad de Phoenix, Arizona, Estados Unidos.<\/p>\n\n\n\n<p>Sin embargo, los datos apenas comenzaron a fluir y a trav\u00e9s de redes sociales como Facebook y Twitter, entre ellos de Joaqu\u00edn Galv\u00e1n, fueron identificados como Herminio Mart\u00ednez, Isaura Mart\u00ednez y Abimael Jim\u00e9nez, quienes hace cinco meses hab\u00edan salido de su comunidad en busca del \u00absue\u00f1o americano\u00bb.<\/p>\n\n\n\n<p>Hasta el momento no hay informaci\u00f3n oficial al respecto por parte del Gobierno del Estado, principalmente del Instituto Oaxaque\u00f1o de Atenci\u00f3n al Migrante, que preside\u00a0A\u00edda Ruiz Garc\u00eda.<\/p>\n","protected":false},"excerpt":{"rendered":"<p>Redacci\u00f3n\/Zona Roja. Oaxaca de Ju\u00e1rez, Oax., 27 de febrero de 2022.- Tres j\u00f3venes oaxaque\u00f1os originarios&hellip;<\/p>\n","protected":false},"author":2,"featured_media":38150,"comment_status":"closed","ping_status":"open","sticky":false,"template":"","format":"standard","meta":{"_lmt_disableupdate":"","_lmt_disable":"","_jetpack_memberships_contains_paid_content":false,"footnotes":""},"categories":[109,51],"tags":[3049],"class_list":["post-38149","post","type-post","status-publish","format-standard","has-post-thumbnail","hentry","category-minuto-a-minuto","category-zona-roja","tag-santo-domingo-tepuxtepec"],"jetpack_featured_media_url":"https:\/\/zonaroja.com.mx\/wp-content\/uploads\/2022\/02\/Mixes-asesinados-en-Estados-Unidos.jpg","jetpack_sharing_enabled":true,"_links":{"self":[{"href":"https:\/\/zonaroja.com.mx\/index.php?rest_route=\/wp\/v2\/posts\/38149","targetHints":{"allow":["GET"]}}],"collection":[{"href":"https:\/\/zonaroja.com.mx\/index.php?rest_route=\/wp\/v2\/posts"}],"about":[{"href":"https:\/\/zonaroja.com.mx\/index.php?rest_route=\/wp\/v2\/types\/post"}],"author":[{"embeddable":true,"href":"https:\/\/zonaroja.com.mx\/index.php?rest_route=\/wp\/v2\/users\/2"}],"replies":[{"embeddable":true,"href":"https:\/\/zonaroja.com.mx\/index.php?rest_route=%2Fwp%2Fv2%2Fcomments&post=38149"}],"version-history":[{"count":1,"href":"https:\/\/zonaroja.com.mx\/index.php?rest_route=\/wp\/v2\/posts\/38149\/revisions"}],"predecessor-version":[{"id":38151,"href":"https:\/\/zonaroja.com.mx\/index.php?rest_route=\/wp\/v2\/posts\/38149\/revisions\/38151"}],"wp:featuredmedia":[{"embeddable":true,"href":"https:\/\/zonaroja.com.mx\/index.php?rest_route=\/wp\/v2\/media\/38150"}],"wp:attachment":[{"href":"https:\/\/zonaroja.com.mx\/index.php?rest_route=%2Fwp%2Fv2%2Fmedia&parent=38149"}],"wp:term":[{"taxonomy":"category","embeddable":true,"href":"https:\/\/zonaroja.com.mx\/index.php?rest_route=%2Fwp%2Fv2%2Fcategories&post=38149"},{"taxonomy":"post_tag","embeddable":true,"href":"https:\/\/zonaroja.com.mx\/index.php?rest_route=%2Fwp%2Fv2%2Ftags&post=38149"}],"curies":[{"name":"wp","href":"https:\/\/api.w.org\/{rel}","templated":true}]}}