{"id":38152,"date":"2022-02-27T21:26:06","date_gmt":"2022-02-28T03:26:06","guid":{"rendered":"http:\/\/www.zonaroja.com.mx\/?p=38152"},"modified":"2022-02-28T20:34:19","modified_gmt":"2022-03-01T02:34:19","slug":"sigue-intenso-el-covid-en-oaxaca-en-una-semana-2900-contagios-y-47-muertes","status":"publish","type":"post","link":"https:\/\/zonaroja.com.mx\/?p=38152","title":{"rendered":"Sigue intenso el Covid en Oaxaca: en una semana, 2,900 contagios y 47 muertes"},"content":{"rendered":"\n<p>Redacci\u00f3n\/Zona Roja.<\/p>\n\n\n\n<p>Oaxaca de Ju\u00e1rez, Oax. 27 de febrero de 2022.- La dependencia Servicios de Salud de Oaxaca inform\u00f3 que, durante el per\u00edodo comprendido del 20 al 26 de febrero, el territorio estatal registr\u00f3 un acumulado de 116 mil 169 casos confirmados del SARS-CoV-2, observando una ligera disminuci\u00f3n, pasando de tres mil 791 a dos mil 900 registros esta semana.<\/p>\n\n\n\n<p>En un comunicado, detall\u00f3 que en tanto, el promedio de ocupaci\u00f3n hospitalaria para la atenci\u00f3n a pacientes con complicaciones derivadas de esta enfermedad fue de 26.6%. Adem\u00e1s, se reportaron 47 desafortunados decesos a causa de esta patolog\u00eda respiratoria.<\/p>\n\n\n\n<p>Por ello, la instituci\u00f3n advirti\u00f3 que las medidas sanitarias deben cumplirse y respetarse para reducir la transmisi\u00f3n de este coronavirus, ya que el riesgo de contagio prevalece en etapa media en las seis Jurisdicciones Sanitarias.<\/p>\n\n\n\n<p>Detall\u00f3 que conforme a la Estrategia de la Pol\u00edtica Nacional de Vacunaci\u00f3n contra el virus SARS-CoV-2 para la prevenci\u00f3n de la Covid-19 en M\u00e9xico, a la fecha se han aplicado cuatro millones 243 mil 427 dosis, de las cuales, destacan 617 mil 745 de refuerzo, de \u00e9stas 503 mil 541 se distribuyeron en la poblaci\u00f3n en general; 89 mil 408 para el sector educativo y 24 mil 796 a personal de salud.<\/p>\n\n\n\n<p>De igual forma han sido inmunizados nueve mil 768 ni\u00f1as, ni\u00f1os y adolescentes de 12 a 17 a\u00f1os con comorbilidades, destac\u00f3 la instituci\u00f3n.<\/p>\n\n\n\n<p>Puntualiz\u00f3 la importancia de que las personas que no han recibido la vacuna acudan a aplic\u00e1rsela cuando les corresponda y quienes ya cuentan con su esquema completo de vacunaci\u00f3n, deben ponerse la inmunizaci\u00f3n de refuerzo.<\/p>\n\n\n\n<p>Adem\u00e1s, a\u00f1adi\u00f3, es necesario seguir con las medidas vigentes, como el uso del cubrebocas, la sana distancia, el lavado de manos frecuente con agua y jab\u00f3n, as\u00ed como evitar acudir a eventos masivos.<\/p>\n","protected":false},"excerpt":{"rendered":"<p>Redacci\u00f3n\/Zona Roja. Oaxaca de Ju\u00e1rez, Oax. 27 de febrero de 2022.- La dependencia Servicios de&hellip;<\/p>\n","protected":false},"author":2,"featured_media":38196,"comment_status":"closed","ping_status":"open","sticky":false,"template":"","format":"standard","meta":{"_lmt_disableupdate":"","_lmt_disable":"","_jetpack_memberships_contains_paid_content":false,"footnotes":""},"categories":[109,47],"tags":[1512],"class_list":["post-38152","post","type-post","status-publish","format-standard","has-post-thumbnail","hentry","category-minuto-a-minuto","category-zona-gris","tag-coronavirus-oaxaca"],"jetpack_featured_media_url":"https:\/\/zonaroja.com.mx\/wp-content\/uploads\/2022\/02\/Filas-vacunas-Covid.jpg","jetpack_sharing_enabled":true,"_links":{"self":[{"href":"https:\/\/zonaroja.com.mx\/index.php?rest_route=\/wp\/v2\/posts\/38152","targetHints":{"allow":["GET"]}}],"collection":[{"href":"https:\/\/zonaroja.com.mx\/index.php?rest_route=\/wp\/v2\/posts"}],"about":[{"href":"https:\/\/zonaroja.com.mx\/index.php?rest_route=\/wp\/v2\/types\/post"}],"author":[{"embeddable":true,"href":"https:\/\/zonaroja.com.mx\/index.php?rest_route=\/wp\/v2\/users\/2"}],"replies":[{"embeddable":true,"href":"https:\/\/zonaroja.com.mx\/index.php?rest_route=%2Fwp%2Fv2%2Fcomments&post=38152"}],"version-history":[{"count":1,"href":"https:\/\/zonaroja.com.mx\/index.php?rest_route=\/wp\/v2\/posts\/38152\/revisions"}],"predecessor-version":[{"id":38153,"href":"https:\/\/zonaroja.com.mx\/index.php?rest_route=\/wp\/v2\/posts\/38152\/revisions\/38153"}],"wp:featuredmedia":[{"embeddable":true,"href":"https:\/\/zonaroja.com.mx\/index.php?rest_route=\/wp\/v2\/media\/38196"}],"wp:attachment":[{"href":"https:\/\/zonaroja.com.mx\/index.php?rest_route=%2Fwp%2Fv2%2Fmedia&parent=38152"}],"wp:term":[{"taxonomy":"category","embeddable":true,"href":"https:\/\/zonaroja.com.mx\/index.php?rest_route=%2Fwp%2Fv2%2Fcategories&post=38152"},{"taxonomy":"post_tag","embeddable":true,"href":"https:\/\/zonaroja.com.mx\/index.php?rest_route=%2Fwp%2Fv2%2Ftags&post=38152"}],"curies":[{"name":"wp","href":"https:\/\/api.w.org\/{rel}","templated":true}]}}