{"id":38161,"date":"2022-02-28T07:30:15","date_gmt":"2022-02-28T13:30:15","guid":{"rendered":"http:\/\/www.zonaroja.com.mx\/?p=38161"},"modified":"2022-02-28T07:30:17","modified_gmt":"2022-02-28T13:30:17","slug":"por-cuarto-dia-consecutivo-asesinan-a-una-mujer-en-oaxaca-ahora-en-chauites","status":"publish","type":"post","link":"https:\/\/zonaroja.com.mx\/?p=38161","title":{"rendered":"Por cuarto d\u00eda consecutivo, asesinan a una mujer en Oaxaca, ahora en Chauites"},"content":{"rendered":"\n<p>Ismael Garc\u00eda M.\/Zona Roja.<\/p>\n\n\n\n<p>Oaxaca de Ju\u00e1rez, Max., 28 de febrero de 2022.- Por cuarto d\u00eda consecutivo, una mujer fue asesinada en Oaxaca por disparo de arma de fuego; adem\u00e1s, hay al menos tres femeninas lesionadas de bala por ataques en los mismos hechos.<\/p>\n\n\n\n<p>El m\u00e1s reciente probable feminicidio ocurri\u00f3 anoche en Chahuites, municipio de la zona oriente del Istmo de Tehuantepec, Oaxaca.&nbsp;<\/p>\n\n\n\n<p>Sujetos armados ingresaron a un local comercial denominado \u00abDistribuidora del Centro, ubicada en la calle Ayuntamiento, entre Hidalgo y la calle principal, y asesinaron a Irma L\u00f3pez N., de 32 a\u00f1os de edad.<\/p>\n\n\n\n<p>Tras ello, los agresores huyeron del lugar, sin que polic\u00edas municipales estuvieran en la zona para impedirlo.<\/p>\n\n\n\n<p>Apenas ayer domingo, otra mujer fue lesionada a balazos, en Santa Mar\u00eda Colotepec, donde fueron ejecutadas cinco personas del sexo masculino.<\/p>\n\n\n\n<p>De la misma manera, en Juchit\u00e1n se suscit\u00f3 ayer otro ataque armado con saldo de un individuo ejecutado y una mujer herida.<\/p>\n\n\n\n<p>Mientras que el s\u00e1bado, en una localidad del municipio de San Jos\u00e9 Tenango, regi\u00f3n Ca\u00f1ada del estado, una anciana de 60 a\u00f1os de edad fue ultimada con sa\u00f1a; con un machete, le desfiguraron el rostro y le cortaron una mano.<\/p>\n\n\n\n<p>Mientras que el viernes 25 de febrero, una pareja fue asesinada en Miahuatl\u00e1n de Porfirio D\u00edaz, regi\u00f3n de la Sierra Sur, con saldo de un individuo muerto y una mujer lesionada de gravedad.<\/p>\n\n\n\n<p>El jueves, otras dos personas fueron asesinadas en Santa Mar\u00eda Mixtequilla, regi\u00f3n del Istmo, entre ellas una femenina.<\/p>\n","protected":false},"excerpt":{"rendered":"<p>Ismael Garc\u00eda M.\/Zona Roja. Oaxaca de Ju\u00e1rez, Max., 28 de febrero de 2022.- Por cuarto&hellip;<\/p>\n","protected":false},"author":2,"featured_media":34293,"comment_status":"closed","ping_status":"open","sticky":false,"template":"","format":"standard","meta":{"_lmt_disableupdate":"","_lmt_disable":"","_jetpack_memberships_contains_paid_content":false,"footnotes":""},"categories":[109,51],"tags":[1212],"class_list":["post-38161","post","type-post","status-publish","format-standard","has-post-thumbnail","hentry","category-minuto-a-minuto","category-zona-roja","tag-chahuites"],"jetpack_featured_media_url":"https:\/\/zonaroja.com.mx\/wp-content\/uploads\/2021\/11\/Mujer-asesinada-feminicidio-violencia-2.jpg","jetpack_sharing_enabled":true,"_links":{"self":[{"href":"https:\/\/zonaroja.com.mx\/index.php?rest_route=\/wp\/v2\/posts\/38161","targetHints":{"allow":["GET"]}}],"collection":[{"href":"https:\/\/zonaroja.com.mx\/index.php?rest_route=\/wp\/v2\/posts"}],"about":[{"href":"https:\/\/zonaroja.com.mx\/index.php?rest_route=\/wp\/v2\/types\/post"}],"author":[{"embeddable":true,"href":"https:\/\/zonaroja.com.mx\/index.php?rest_route=\/wp\/v2\/users\/2"}],"replies":[{"embeddable":true,"href":"https:\/\/zonaroja.com.mx\/index.php?rest_route=%2Fwp%2Fv2%2Fcomments&post=38161"}],"version-history":[{"count":1,"href":"https:\/\/zonaroja.com.mx\/index.php?rest_route=\/wp\/v2\/posts\/38161\/revisions"}],"predecessor-version":[{"id":38162,"href":"https:\/\/zonaroja.com.mx\/index.php?rest_route=\/wp\/v2\/posts\/38161\/revisions\/38162"}],"wp:featuredmedia":[{"embeddable":true,"href":"https:\/\/zonaroja.com.mx\/index.php?rest_route=\/wp\/v2\/media\/34293"}],"wp:attachment":[{"href":"https:\/\/zonaroja.com.mx\/index.php?rest_route=%2Fwp%2Fv2%2Fmedia&parent=38161"}],"wp:term":[{"taxonomy":"category","embeddable":true,"href":"https:\/\/zonaroja.com.mx\/index.php?rest_route=%2Fwp%2Fv2%2Fcategories&post=38161"},{"taxonomy":"post_tag","embeddable":true,"href":"https:\/\/zonaroja.com.mx\/index.php?rest_route=%2Fwp%2Fv2%2Ftags&post=38161"}],"curies":[{"name":"wp","href":"https:\/\/api.w.org\/{rel}","templated":true}]}}