{"id":38163,"date":"2022-02-28T08:21:24","date_gmt":"2022-02-28T14:21:24","guid":{"rendered":"http:\/\/www.zonaroja.com.mx\/?p=38163"},"modified":"2022-02-28T08:40:57","modified_gmt":"2022-02-28T14:40:57","slug":"a-quien-le-interesa-la-violencia-en-los-comicios-de-oaxaca-y-en-la-uabjo","status":"publish","type":"post","link":"https:\/\/zonaroja.com.mx\/?p=38163","title":{"rendered":"\u00bfA qui\u00e9n le interesa la violencia en los comicios de Oaxaca y en la UABJO?"},"content":{"rendered":"\n<p>Ismael Garc\u00eda M.\/Zona Roja.<\/p>\n\n\n\n<p>Oaxaca de Ju\u00e1rez, Max., 28 de febrero de 2020.- Los procesos comiciales en Oaxaca se comienzan a te\u00f1ir de rojo. Y algunos est\u00e1n especialmente interesados en que el clima de violencia crezca, para generar, como siempre, temor entre la poblaci\u00f3n y que no salga a las urnas.<\/p>\n\n\n\n<p>Este a\u00f1o, en Oaxaca hay tres procesos, uno de ellos nacional, que es la jornada para votar por la revocaci\u00f3n o no del mandato del Presidente Andr\u00e9s Manuel L\u00f3pez Obrador; el otro es la elecci\u00f3n extraordinaria de concejales en seis ayuntamientos y un distrito; el tercero es la renovaci\u00f3n de la gubernatura.<\/p>\n\n\n\n<p>Y algunos aviesos &#8211;desde el gobierno y partidos pol\u00edticos, incluso candidatos o precandidatos&#8211; intentan agregar a este infierno electoral el aceleramiento del proceso de sucesi\u00f3n en la rector\u00eda de la Universidad Aut\u00f3noma \u00abBenito Ju\u00e1rez\u00bb de Oaxaca.<\/p>\n\n\n\n<p>Un fin de semana criminal, con asesinatos de al menos cuatro mujeres y de unas 10 personas, entre ellas una familia masacrada, aceleran la ola delictiva en Oaxaca.<\/p>\n\n\n\n<p>Y en la \u00faltima semana, en la UABJO han comenzado a surgir voces a favor y en contra de agilizar el proceso de sucesi\u00f3n de Eduardo Bautista Martinez, cuyo periodo de cuatro a\u00f1os feneci\u00f3 el pasado 13 de mayo de 2019.<\/p>\n\n\n\n<p>Una andanada extrauniversitaria ocurri\u00f3 en los \u00faltimos meses del a\u00f1o pasado, en que la UABJO sufri\u00f3 toda clase de presiones para intentar agilizar las elecciones de rector, incluso ya se hablaba de imposiciones; la intensa pandemia por Covid-19 fren\u00f3 las ambiciones.<\/p>\n\n\n\n<p>Para amainar los ataques, el 17 de diciembre la Comisi\u00f3n Electoral, dependiente del Consejo Universitario, emiti\u00f3 un comunicado para confirmar que el 13 de mayo de 2002 se realizar\u00e1 la elecci\u00f3n de rector.<\/p>\n\n\n\n<p>Pero otra jugada oficial se concret\u00f3 el 31 de de diciembre del a\u00f1o pasado, con la detenci\u00f3n del ex rector Eduardo Mart\u00ednez Helmes, por presunta defraudaci\u00f3n fiscal.<\/p>\n\n\n\n<p>Los reclamos de universitarios y de distintas corrientes pol\u00edticas, principalmente legislativas, surgieron de inmediato con marchas y protestas, una de ellas encabezada por el propio rector, en defensa de la autonom\u00eda.<\/p>\n\n\n\n<p>Luego de cuatro d\u00edas de movilizaciones, las aguas se aquietaron, luego del compromiso de la Fiscal\u00eda General del Estado de Oaxaca de revisar la medida cautelar de prisi\u00f3n preventiva.<\/p>\n\n\n\n<p>Mientras tanto en enero y febrero, se intensificaron las reyertas entre las dos fracciones del Sindicato de Trabajadores y Empleados de la UABJO, con bloqueos y \u00abtoma\u00bb de instalaciones.<\/p>\n\n\n\n<p>De nueva cuenta, para acelerar desde las instituciones oficiales el conflicto, de forma in\u00e9dita la Junta Local de Conciliaci\u00f3n y Arbitraje dio entrada a dos emplazamientos a huelga, que vencen la pr\u00f3xima semana, a cada una de las fracciones del STEUABJO.<\/p>\n\n\n\n<p>Error garrafal que tendr\u00e1 que enmendar la propia Junta pues de lo contrario enfrentar\u00e1 un serio conflicto legal, cuya demanda la rector\u00eda de la UABJO ya analiza.<\/p>\n\n\n\n<p>NADA A CAMBIO<\/p>\n\n\n\n<p>El pasado 19 de febrero, Eduardo Mart\u00ednez Helmes logr\u00f3 la excarcelaci\u00f3n, al cambiar el juez de la causa la medida preventiva por arraigo domiciliario.<\/p>\n\n\n\n<p>De inmediato las elucubraciones y deducciones pol\u00edticas fueron que hubo una negociaci\u00f3n para entregar la rector\u00eda&#8230; a un representante del gobierno de Oaxaca.<\/p>\n\n\n\n<p>Nada m\u00e1s alejado de ello, pues desde el principio el Poder Judicial err\u00f3, basado en la imputaci\u00f3n del Ministerio P\u00fablico, al dictar prisi\u00f3n preventiva, cuando el delito que se le se\u00f1alaba no est\u00e1 en dicho cat\u00e1logo de medidas; mucho menos que Mart\u00ednez Helmes se pudiera fugar, pues el delito que se le acusa fue hace varios a\u00f1os y ha permanecido en Oaxaca.<\/p>\n\n\n\n<p>Desde luego, aqu\u00ed no se trata de defender al ex rector, que, si tiene imputaciones formales y comprobadas, tendr\u00e1 que ser castigado. Pero lo que decimos es que no hay, absolutamente, ning\u00fan argumento jur\u00eddico para haberlo mantenido en prisi\u00f3n. Es m\u00e1s, librar\u00e1 pronto los se\u00f1alamientos y ser\u00e1 deslindado totalmente.<\/p>\n\n\n\n<p>La familia Mart\u00ednez Alavez no es la UABJO; la Universidad est\u00e1 conformada por diversos grupos, muchos de los cuales tienen hilos gubernamentales. El m\u00e9rito de la estabilidad y negociaci\u00f3n interna ha sido y es el acuerdo entre todos los grupos.<\/p>\n\n\n\n<p>No obstante, desde el poder gubernamental se ha azuzado una idea de negociaci\u00f3n e incluso se ha promovido el nombre de H\u00e9ctor Anuar Mafud, viejo pol\u00edtico del PRI, que ni siquiera cumple con los requisitos de la Ley Org\u00e1nica para ser considerado como aspirante.<\/p>\n\n\n\n<p>De inmediato, otra vez surgieron las voces de apoyo a la defensa de la autonom\u00eda, de distintos sectores, incluyendo a diputados federales, para exigir que el Estado no se entrometa en asuntos que competen \u00fanicamente a la UABJO.<\/p>\n\n\n\n<p>Pero los intentos de desestabilizaci\u00f3n no se han frenado y ahora, la semana pasada, comenz\u00f3 otra andanada, con la divisi\u00f3n de la Comisi\u00f3n Electoral del Consejo Universitario, cinco miembros por cada bando.<\/p>\n\n\n\n<p>Y, en la desesperaci\u00f3n, cada bando analiza emitir su propia convocatoria para la elecci\u00f3n de rector.<\/p>\n\n\n\n<p>Lo que no han medido los actores pol\u00edticos y gubernamentales es que \u00abcalentar\u00bb la UABJO s\u00f3lo incrementar\u00e1 la violencia en plenos procesos electorales, lo que ni a autoridades ni a oaxaque\u00f1os conviene.&nbsp;<\/p>\n\n\n\n<p>Una en\u00e9sima v\u00eda que se analiza ya desde el seno universitario, es prorrogar de nuevo otro periodo, por definir el lapso, para que Eduardo Bautista Mart\u00ednez, pues ha logrado mantener la estabilidad social y pol\u00edtica en la Universidad.&nbsp;<\/p>\n","protected":false},"excerpt":{"rendered":"<p>Ismael Garc\u00eda M.\/Zona Roja. Oaxaca de Ju\u00e1rez, Max., 28 de febrero de 2020.- Los procesos&hellip;<\/p>\n","protected":false},"author":2,"featured_media":7610,"comment_status":"closed","ping_status":"open","sticky":false,"template":"","format":"standard","meta":{"_lmt_disableupdate":"","_lmt_disable":"","_jetpack_memberships_contains_paid_content":false,"footnotes":""},"categories":[456,109,48],"tags":[1353],"class_list":["post-38163","post","type-post","status-publish","format-standard","has-post-thumbnail","hentry","category-columna","category-minuto-a-minuto","category-zona-critica","tag-opinion-zona-critica"],"jetpack_featured_media_url":"https:\/\/zonaroja.com.mx\/wp-content\/uploads\/2020\/01\/Opini\u00f3n-Zona-Cr\u00edtica.jpg","jetpack_sharing_enabled":true,"_links":{"self":[{"href":"https:\/\/zonaroja.com.mx\/index.php?rest_route=\/wp\/v2\/posts\/38163","targetHints":{"allow":["GET"]}}],"collection":[{"href":"https:\/\/zonaroja.com.mx\/index.php?rest_route=\/wp\/v2\/posts"}],"about":[{"href":"https:\/\/zonaroja.com.mx\/index.php?rest_route=\/wp\/v2\/types\/post"}],"author":[{"embeddable":true,"href":"https:\/\/zonaroja.com.mx\/index.php?rest_route=\/wp\/v2\/users\/2"}],"replies":[{"embeddable":true,"href":"https:\/\/zonaroja.com.mx\/index.php?rest_route=%2Fwp%2Fv2%2Fcomments&post=38163"}],"version-history":[{"count":2,"href":"https:\/\/zonaroja.com.mx\/index.php?rest_route=\/wp\/v2\/posts\/38163\/revisions"}],"predecessor-version":[{"id":38168,"href":"https:\/\/zonaroja.com.mx\/index.php?rest_route=\/wp\/v2\/posts\/38163\/revisions\/38168"}],"wp:featuredmedia":[{"embeddable":true,"href":"https:\/\/zonaroja.com.mx\/index.php?rest_route=\/wp\/v2\/media\/7610"}],"wp:attachment":[{"href":"https:\/\/zonaroja.com.mx\/index.php?rest_route=%2Fwp%2Fv2%2Fmedia&parent=38163"}],"wp:term":[{"taxonomy":"category","embeddable":true,"href":"https:\/\/zonaroja.com.mx\/index.php?rest_route=%2Fwp%2Fv2%2Fcategories&post=38163"},{"taxonomy":"post_tag","embeddable":true,"href":"https:\/\/zonaroja.com.mx\/index.php?rest_route=%2Fwp%2Fv2%2Ftags&post=38163"}],"curies":[{"name":"wp","href":"https:\/\/api.w.org\/{rel}","templated":true}]}}