{"id":38165,"date":"2022-02-28T08:36:45","date_gmt":"2022-02-28T14:36:45","guid":{"rendered":"http:\/\/www.zonaroja.com.mx\/?p=38165"},"modified":"2022-02-28T08:36:46","modified_gmt":"2022-02-28T14:36:46","slug":"realiza-gobernador-murat-mas-cambios-en-su-gabinete","status":"publish","type":"post","link":"https:\/\/zonaroja.com.mx\/?p=38165","title":{"rendered":"Realiza gobernador Murat m\u00e1s cambios en su gabinete"},"content":{"rendered":"\n<p>Redacci\u00f3n\/Zona Roja.<\/p>\n\n\n\n<p>Oaxaca de Ju\u00e1rez, Oax. 28 de febrero de 2022. El gobernador Alejandro Murat Hinojosa design\u00f3 a nuevos titulares de su gabinete ampliado, a quienes convoc\u00f3 a desempe\u00f1arse con responsabilidad para hacer cumplir lo establecido en el Plan Estatal de Desarrollo 2016-2022.<\/p>\n\n\n\n<p>De conformidad con las atribuciones que le confiere el Art\u00edculo 79 de la Constituci\u00f3n Pol\u00edtica del Estado Libre y Soberano de Oaxaca, el Mandatario Estatal realiz\u00f3 estos nombramientos, con la finalidad de fortalecer el trabajo que se realiza en su administraci\u00f3n.<\/p>\n\n\n\n<p>De esta manera, nombr\u00f3 como nuevo titular de la Comisi\u00f3n Estatal del Agua (CEA) y en sustituci\u00f3n de H\u00e9ctor Pablo Ram\u00edrez Puga Leyva, a Jorge Octavio Villaca\u00f1a Jim\u00e9nez quien es Ingeniero Mec\u00e1nico por la Universidad Ibero Americana, cuenta con dos diplomados, por la Universidad de Berkeley California, en Administraci\u00f3n Estrat\u00e9gica de Instituciones P\u00fablicas y por la Universidad Ibero Americana en prospectiva pol\u00edtica y econ\u00f3mica.<\/p>\n\n\n\n<p>Adem\u00e1s, fue Diputado Local en la LVII y LXIV Legislatura del H. Congreso del Estado de Oaxaca, as\u00ed como Director General de Comisi\u00f3n Estatal de Vivienda.<\/p>\n\n\n\n<p>Como nuevo Director General de Caminos y Autopistas de Oaxaca (CAO), y en sustituci\u00f3n de David Mayr\u00e9n Carrasco, fue nombrado Jorge Antonio Illescas Delgado, quien durante esta administraci\u00f3n ya se hab\u00eda desempe\u00f1ado como Coordinador General de Giras y Protocolo del Ejecutivo.<\/p>\n\n\n\n<p>Tambi\u00e9n, como Coordinador General de Atenci\u00f3n Regional (CGAR), fue nombrado Antonio Amaro Cancino quien es egresado de la Facultad de Derecho y Ciencias Sociales de la Universidad Aut\u00f3noma Benito Ju\u00e1rez de Oaxaca (UABJO) y sustituye a Marco Antonio Hern\u00e1ndez Cuevas.<\/p>\n\n\n\n<p>En la Representaci\u00f3n del Gobierno de Oaxaca en M\u00e9xico, fue designado Rub\u00e9n Vasconcelos M\u00e9ndez, Doctor en Derecho por la Universidad Complutense de Madrid y quien se desempe\u00f1\u00f3 como Secretario de Bienestar.<\/p>\n\n\n\n<p>Asimismo, como Director General CityBus fue nombrado Arturo Eleazar L\u00f3pez Sorroza quien es Licenciado en Derecho, y anteriormente se desempe\u00f1\u00f3 como Secretario de Movilidad.<\/p>\n\n\n\n<p>Como Coordinador General de Asesores fue nombrado Heliodoro D\u00edaz Escarraga, quien anteriormente se desempe\u00f1\u00f3 como Secretario de Seguridad P\u00fablica de Oaxaca.<\/p>\n\n\n\n<p>De esta manera, el Mandatario Estatal conmin\u00f3 a los nuevos titulares, a conducirse con responsabilidad y trabajar en beneficio de la sociedad oaxaque\u00f1a.<\/p>\n\n\n\n<p>(Comunicado)<\/p>\n","protected":false},"excerpt":{"rendered":"<p>Redacci\u00f3n\/Zona Roja. Oaxaca de Ju\u00e1rez, Oax. 28 de febrero de 2022. El gobernador Alejandro Murat&hellip;<\/p>\n","protected":false},"author":2,"featured_media":38166,"comment_status":"closed","ping_status":"open","sticky":false,"template":"","format":"standard","meta":{"_lmt_disableupdate":"","_lmt_disable":"","_jetpack_memberships_contains_paid_content":false,"footnotes":""},"categories":[109,46],"tags":[173],"class_list":["post-38165","post","type-post","status-publish","format-standard","has-post-thumbnail","hentry","category-minuto-a-minuto","category-zona-blanca","tag-alejandro-murat-hinojosa"],"jetpack_featured_media_url":"https:\/\/zonaroja.com.mx\/wp-content\/uploads\/2022\/02\/AMH.jpeg","jetpack_sharing_enabled":true,"_links":{"self":[{"href":"https:\/\/zonaroja.com.mx\/index.php?rest_route=\/wp\/v2\/posts\/38165","targetHints":{"allow":["GET"]}}],"collection":[{"href":"https:\/\/zonaroja.com.mx\/index.php?rest_route=\/wp\/v2\/posts"}],"about":[{"href":"https:\/\/zonaroja.com.mx\/index.php?rest_route=\/wp\/v2\/types\/post"}],"author":[{"embeddable":true,"href":"https:\/\/zonaroja.com.mx\/index.php?rest_route=\/wp\/v2\/users\/2"}],"replies":[{"embeddable":true,"href":"https:\/\/zonaroja.com.mx\/index.php?rest_route=%2Fwp%2Fv2%2Fcomments&post=38165"}],"version-history":[{"count":1,"href":"https:\/\/zonaroja.com.mx\/index.php?rest_route=\/wp\/v2\/posts\/38165\/revisions"}],"predecessor-version":[{"id":38167,"href":"https:\/\/zonaroja.com.mx\/index.php?rest_route=\/wp\/v2\/posts\/38165\/revisions\/38167"}],"wp:featuredmedia":[{"embeddable":true,"href":"https:\/\/zonaroja.com.mx\/index.php?rest_route=\/wp\/v2\/media\/38166"}],"wp:attachment":[{"href":"https:\/\/zonaroja.com.mx\/index.php?rest_route=%2Fwp%2Fv2%2Fmedia&parent=38165"}],"wp:term":[{"taxonomy":"category","embeddable":true,"href":"https:\/\/zonaroja.com.mx\/index.php?rest_route=%2Fwp%2Fv2%2Fcategories&post=38165"},{"taxonomy":"post_tag","embeddable":true,"href":"https:\/\/zonaroja.com.mx\/index.php?rest_route=%2Fwp%2Fv2%2Ftags&post=38165"}],"curies":[{"name":"wp","href":"https:\/\/api.w.org\/{rel}","templated":true}]}}