{"id":38173,"date":"2022-02-28T12:26:43","date_gmt":"2022-02-28T18:26:43","guid":{"rendered":"https:\/\/www.zonaroja.com.mx\/?p=38173"},"modified":"2022-02-28T12:26:44","modified_gmt":"2022-02-28T18:26:44","slug":"tras-incendio-condena-ieepco-atentado-a-sus-instalaciones","status":"publish","type":"post","link":"https:\/\/zonaroja.com.mx\/?p=38173","title":{"rendered":"Tras incendio, condena IEEPCO atentado a sus instalaciones"},"content":{"rendered":"\n<p>Redacci\u00f3n\/Zona Roja.&nbsp;<\/p>\n\n\n\n<p>Oaxaca de Ju\u00e1rez, Oax., 28 de febrero de 2022.- El Instituto Estatal Electoral y de Participaci\u00f3n Ciudadana de Oaxaca (IEEPCO) condena en\u00e9rgicamente los actos violentos realizados la madrugada de este lunes por personas desconocidas que pretendieron quemar las instalaciones del \u00f3rgano electoral.&nbsp;<\/p>\n\n\n\n<p>Quienes integramos el IEEPCO, reprobamos todo tipo de acto que pretenda obstaculizar el ejercicio democr\u00e1tico y la organizaci\u00f3n de los procesos electorales.&nbsp;<\/p>\n\n\n\n<p>En este sentido, se ha presentado la denuncia penal ante las instancias correspondientes para que se investiguen estos hechos y se aplique la ley a quien o quienes resulten responsables de estos actos. <\/p>\n\n\n\n<figure class=\"wp-block-embed\"><div class=\"wp-block-embed__wrapper\">\n<div class=\"twitter-tweet\"><blockquote class=\"twitter-tweet\" data-lang=\"es\"><p lang=\"es\" dir=\"ltr\"><a href=\"https:\/\/twitter.com\/hashtag\/%C3%9AltimoMinuto?src=hash&amp;ref_src=twsrc%5Etfw\">#\u00daltimoMinuto<\/a> <br>Personal ministerial realiza los peritajes correspondientes en la sede del <a href=\"https:\/\/twitter.com\/IEEPCO?ref_src=twsrc%5Etfw\">@IEEPCO<\/a>, vandalizada hoy por la madrugada, ubicada en la calle Escuela Naval Militar n\u00famero 1212, colonia Reforma de la ciudad de <a href=\"https:\/\/twitter.com\/hashtag\/Oaxaca?src=hash&amp;ref_src=twsrc%5Etfw\">#Oaxaca<\/a>. <a href=\"https:\/\/t.co\/u7J4vhscKp\">pic.twitter.com\/u7J4vhscKp<\/a><\/p>&mdash; Zona Roja Oaxaca (@ZonaRoja_Oaxaca) <a href=\"https:\/\/twitter.com\/ZonaRoja_Oaxaca\/status\/1498333351328972808?ref_src=twsrc%5Etfw\">28 de febrero de 2022<\/a><\/blockquote><\/div>\n<\/div><\/figure>\n\n\n\n<p>La violencia nunca ser\u00e1 el medio para resolver las diferencias, solo es a trav\u00e9s del di\u00e1logo y a trav\u00e9s de los cauces institucionales previstos en la ley, que deben dirimirse las inconformidades.&nbsp;<\/p>\n\n\n\n<p>El IEEPCO hace un respetuoso exhorto a partidos y actores pol\u00edticos, instituciones, grupos sociales y a la ciudadan\u00eda en general, a conducirse por la v\u00eda pac\u00edfica en el marco del Proceso Electoral Ordinario 2021-2022 y las elecciones extraordinarias.&nbsp;<\/p>\n\n\n\n<p>Este instituto contin\u00faa, como establece la ley, con los trabajos suficientes y necesarios para la organizaci\u00f3n y desarrollo de las elecciones programadas para este a\u00f1o, a fin de que la ciudadan\u00eda elija libremente a sus representantes.<\/p>\n\n\n\n<p>(Comunicado)<\/p>\n","protected":false},"excerpt":{"rendered":"<p>Redacci\u00f3n\/Zona Roja.&nbsp; Oaxaca de Ju\u00e1rez, Oax., 28 de febrero de 2022.- El Instituto Estatal Electoral&hellip;<\/p>\n","protected":false},"author":2,"featured_media":38172,"comment_status":"closed","ping_status":"open","sticky":false,"template":"","format":"standard","meta":{"_lmt_disableupdate":"","_lmt_disable":"","_jetpack_memberships_contains_paid_content":false,"footnotes":""},"categories":[109,47],"tags":[],"class_list":["post-38173","post","type-post","status-publish","format-standard","has-post-thumbnail","hentry","category-minuto-a-minuto","category-zona-gris"],"jetpack_featured_media_url":"https:\/\/zonaroja.com.mx\/wp-content\/uploads\/2022\/02\/375f63c7-61da-445a-b1f9-24896035c6c1.jpg","jetpack_sharing_enabled":true,"_links":{"self":[{"href":"https:\/\/zonaroja.com.mx\/index.php?rest_route=\/wp\/v2\/posts\/38173","targetHints":{"allow":["GET"]}}],"collection":[{"href":"https:\/\/zonaroja.com.mx\/index.php?rest_route=\/wp\/v2\/posts"}],"about":[{"href":"https:\/\/zonaroja.com.mx\/index.php?rest_route=\/wp\/v2\/types\/post"}],"author":[{"embeddable":true,"href":"https:\/\/zonaroja.com.mx\/index.php?rest_route=\/wp\/v2\/users\/2"}],"replies":[{"embeddable":true,"href":"https:\/\/zonaroja.com.mx\/index.php?rest_route=%2Fwp%2Fv2%2Fcomments&post=38173"}],"version-history":[{"count":1,"href":"https:\/\/zonaroja.com.mx\/index.php?rest_route=\/wp\/v2\/posts\/38173\/revisions"}],"predecessor-version":[{"id":38174,"href":"https:\/\/zonaroja.com.mx\/index.php?rest_route=\/wp\/v2\/posts\/38173\/revisions\/38174"}],"wp:featuredmedia":[{"embeddable":true,"href":"https:\/\/zonaroja.com.mx\/index.php?rest_route=\/wp\/v2\/media\/38172"}],"wp:attachment":[{"href":"https:\/\/zonaroja.com.mx\/index.php?rest_route=%2Fwp%2Fv2%2Fmedia&parent=38173"}],"wp:term":[{"taxonomy":"category","embeddable":true,"href":"https:\/\/zonaroja.com.mx\/index.php?rest_route=%2Fwp%2Fv2%2Fcategories&post=38173"},{"taxonomy":"post_tag","embeddable":true,"href":"https:\/\/zonaroja.com.mx\/index.php?rest_route=%2Fwp%2Fv2%2Ftags&post=38173"}],"curies":[{"name":"wp","href":"https:\/\/api.w.org\/{rel}","templated":true}]}}