{"id":38176,"date":"2022-02-28T13:50:49","date_gmt":"2022-02-28T19:50:49","guid":{"rendered":"https:\/\/www.zonaroja.com.mx\/?p=38176"},"modified":"2022-02-28T13:50:51","modified_gmt":"2022-02-28T19:50:51","slug":"organizaciones-responden-con-manifestaciones-a-indiferencia-de-segego","status":"publish","type":"post","link":"https:\/\/zonaroja.com.mx\/?p=38176","title":{"rendered":"Organizaciones responden con manifestaciones a indiferencia de Segego"},"content":{"rendered":"\n<p>Yuridiana Sosa\/Zona Roja.<\/p>\n\n\n\n<p>Oaxaca de Ju\u00e1rez, Oax., 28 de febrero de 2022.- Las constantes omisiones para la atenci\u00f3n de problem\u00e1ticas por parte de la Secretar\u00eda General de Gobierno de Oaxaca (Segego) provocaron el estallamiento, nuevamente, de una serie de manifestaciones en la capital del estado este inicio de semana.<\/p>\n\n\n\n<p>Pero la inconformidad no para con las marchas, bloqueos y protestas, pues las diversas organizaciones sociales planean su permanencia en \u201cplant\u00f3n\u201d en el z\u00f3calo de la ciudad de Oaxaca, donde recientemente otro grupo desocup\u00f3 la plaza.<\/p>\n\n\n\n<p>Las expresiones de inconformidad iniciaron desde temprana hora en la carretera federal 175, en inmediaciones del acceso al aeropuerto Internacional de Oaxaca, al sur de la ciudad.<\/p>\n\n\n\n<p>En ese punto la Red de V\u00edctimas \u201cTom\u00e1s Garc\u00eda\u201d, acompa\u00f1ada de otra docena de organizaciones, realiz\u00f3 un bloqueo y pintas sobre el asfalto previo a la marcha que desarrollaron camino al z\u00f3calo, para despu\u00e9s instalarse en \u201cplant\u00f3n\u201d, pues no han recibida la atenci\u00f3n que necesitan para resolver sus demandas.<\/p>\n\n\n\n<p>Los inconformes denunciaron hostigamiento hacia sus l\u00edderes sociales por lo que exigen al gobierno estatal cese a estos actos que atentan contra su integridad, as\u00ed como demandan justicia por el asesinato y desaparici\u00f3n de compa\u00f1eros. &nbsp;<\/p>\n\n\n\n<p>Por otra parte, la organizaci\u00f3n Antorcha Campesina en Oaxaca tambi\u00e9n amag\u00f3 con un \u201cplant\u00f3n\u201d para exigir a la Secretar\u00eda de Gobierno de Oaxaca genere las condiciones para que en el municipio de San Pedro Ocopetatillo, de la regi\u00f3n Ca\u00f1ada, haya elecciones.<\/p>\n\n\n\n<p>En conferencia de prensa, en Ciudad Administrativa, el dirigente, Dimas Romero, se\u00f1al\u00f3 que la Segego ha hecho caso omiso a la petici\u00f3n de la comunidad, donde la poblaci\u00f3n est\u00e1 harta que desde hace dos a\u00f1os el municipio est\u00e1 encabezado por un administrador.<\/p>\n\n\n\n<p>Por otra parte, un grupo de personas donde resalt\u00f3 la presencia de ind\u00edgenas triquis, instal\u00f3 un bloqueo sobre la autopista Oaxaca-M\u00e9xico en jurisdicci\u00f3n del municipio de Asunci\u00f3n Nochixtl\u00e1n, en la regi\u00f3n Mixteca.<\/p>\n\n\n\n<p>M\u00c1S MOVILIZACIONES&nbsp;<\/p>\n\n\n\n<p>La jornada de protesta por parte de estudiantes normalistas contin\u00faa por tercera semana consecutiva en la capital del estado para exigir la contrataci\u00f3n directa para 600 egresados de las 11 escuelas normales de Oaxaca.<\/p>\n\n\n\n<p>En el centro de la ciudad de Oaxaca realizaron la \u201ctoma\u201d de al menos siete camiones urbanos para trasladarse a la sede del hotel del Magisterio, de la Secci\u00f3n 22 del SNTE, as\u00ed como se report\u00f3 la retenci\u00f3n de otra unidad dentro de edificio de la directiva de este gremio, en Santa Luc\u00eda del Camino.<\/p>\n\n\n\n<p>As\u00ed tambi\u00e9n, mantienen por segunda semana un \u201cplant\u00f3n\u201d sobre la calle de Armenta y L\u00f3pez, frente al edificio de la Secci\u00f3n 22 del CNTE, en el Centro Hist\u00f3rico de Oaxaca.<\/p>\n\n\n\n<p>En el transcurso de esta ma\u00f1ana tambi\u00e9n se registr\u00f3 la protesta por parte de trabajadores jubilados del Instituto Mexicano del Seguro Social (IMSS) en oficinas de esta instituci\u00f3n en la colonia Reforma, as\u00ed como en oficinas del Poder Judicial.<\/p>\n\n\n\n<p>Durante las primeras horas de&nbsp;este lunes&nbsp;se report\u00f3 la presencia de un grupo de personas, presuntamente de Telixtlahuaca, en la caseta de peaje de Huitzo Oaxaca-Cuacnopalan, mismas que se retiraron de manera inmediata.&nbsp;<\/p>\n\n\n\n<p>Para este 1 de marzo, la organizaci\u00f3n \u201cSol Rojo\u201c anunci\u00f3 el inicio de una jornada de lucha para exigir la reinstalaci\u00f3n de una mesa de di\u00e1logo con el gobierno estatal y federal para abordar distintos temas de materia social, laboral y de justicia.<\/p>\n","protected":false},"excerpt":{"rendered":"<p>Yuridiana Sosa\/Zona Roja. Oaxaca de Ju\u00e1rez, Oax., 28 de febrero de 2022.- Las constantes omisiones&hellip;<\/p>\n","protected":false},"author":2,"featured_media":38175,"comment_status":"closed","ping_status":"open","sticky":false,"template":"","format":"standard","meta":{"_lmt_disableupdate":"","_lmt_disable":"","_jetpack_memberships_contains_paid_content":false,"footnotes":""},"categories":[109,47],"tags":[],"class_list":["post-38176","post","type-post","status-publish","format-standard","has-post-thumbnail","hentry","category-minuto-a-minuto","category-zona-gris"],"jetpack_featured_media_url":"https:\/\/zonaroja.com.mx\/wp-content\/uploads\/2022\/02\/c8286cf9-04e5-49b9-9765-5f7c33194e63.jpg","jetpack_sharing_enabled":true,"_links":{"self":[{"href":"https:\/\/zonaroja.com.mx\/index.php?rest_route=\/wp\/v2\/posts\/38176","targetHints":{"allow":["GET"]}}],"collection":[{"href":"https:\/\/zonaroja.com.mx\/index.php?rest_route=\/wp\/v2\/posts"}],"about":[{"href":"https:\/\/zonaroja.com.mx\/index.php?rest_route=\/wp\/v2\/types\/post"}],"author":[{"embeddable":true,"href":"https:\/\/zonaroja.com.mx\/index.php?rest_route=\/wp\/v2\/users\/2"}],"replies":[{"embeddable":true,"href":"https:\/\/zonaroja.com.mx\/index.php?rest_route=%2Fwp%2Fv2%2Fcomments&post=38176"}],"version-history":[{"count":1,"href":"https:\/\/zonaroja.com.mx\/index.php?rest_route=\/wp\/v2\/posts\/38176\/revisions"}],"predecessor-version":[{"id":38177,"href":"https:\/\/zonaroja.com.mx\/index.php?rest_route=\/wp\/v2\/posts\/38176\/revisions\/38177"}],"wp:featuredmedia":[{"embeddable":true,"href":"https:\/\/zonaroja.com.mx\/index.php?rest_route=\/wp\/v2\/media\/38175"}],"wp:attachment":[{"href":"https:\/\/zonaroja.com.mx\/index.php?rest_route=%2Fwp%2Fv2%2Fmedia&parent=38176"}],"wp:term":[{"taxonomy":"category","embeddable":true,"href":"https:\/\/zonaroja.com.mx\/index.php?rest_route=%2Fwp%2Fv2%2Fcategories&post=38176"},{"taxonomy":"post_tag","embeddable":true,"href":"https:\/\/zonaroja.com.mx\/index.php?rest_route=%2Fwp%2Fv2%2Ftags&post=38176"}],"curies":[{"name":"wp","href":"https:\/\/api.w.org\/{rel}","templated":true}]}}