{"id":38179,"date":"2022-02-28T15:08:42","date_gmt":"2022-02-28T21:08:42","guid":{"rendered":"https:\/\/www.zonaroja.com.mx\/?p=38179"},"modified":"2022-02-28T15:15:25","modified_gmt":"2022-02-28T21:15:25","slug":"oaxaca-capital-cada-vez-mas-insegura-ante-nula-presencia-policiaca","status":"publish","type":"post","link":"https:\/\/zonaroja.com.mx\/?p=38179","title":{"rendered":"Oaxaca capital, cada vez m\u00e1s insegura ante nula presencia policiaca"},"content":{"rendered":"\n<p>Redacci\u00f3n\/Zona Roja.&nbsp;<\/p>\n\n\n\n<p>Oaxaca de Ju\u00e1rez, Oax., 28 de febrero de 2022.- Los hechos delictivos y principalmente las agresiones armadas, contin\u00faan al alza en la capital de Oaxaca, ante la nula vigilancia policiaca.&nbsp;<\/p>\n\n\n\n<p>La ma\u00f1ana de ayer, una persona que se encontraba en las canchas de la colonia Bugambilias, agencia de Santa Rosa Panzacola, fue atacada a balazos por sujetos desconocidos que se dieron a la fuga a bordo de una unidad de motor.<\/p>\n\n\n\n<p>Los hechos sucedieron alrededor de las 10:50 horas de este domingo, cuando \u00c1ngel G., de 26 a\u00f1os de edad, se encontraba en la cancha de la unidad deportiva ubicada en la calle de Turquesa de la citada colonia, donde hab\u00eda un partido.<\/p>\n\n\n\n<p>Pero de pronto, al lugar arribaron sujetos desconocidos en una unidad de motor Chevrolet, tipo Spark y con placas de circulaci\u00f3n TLR-8009 del estado, de donde descendieron y dispararon en contra de \u00c1ngel G., de 26 a\u00f1os de edad, quien estaba en la cancha.<\/p>\n\n\n\n<p>Tras consumar la agresi\u00f3n, huyeron y abordaron la unidad de motor, en la cual se dieron a la fuga y ante la mirada de decenas de personas.<\/p>\n\n\n\n<p>Los param\u00e9dicos fueron alertados del caso y se trasladaban al lugar, pero las personas que estaban en el lugar procedieron a auxiliar a \u00c1ngel y lo subieron a un mototaxi para llevarlo a un centro hospitalario.<\/p>\n\n\n\n<p>Los elementos de la polic\u00eda municipal arribaron varios minutos despu\u00e9s al lugar y al existir casquillos percutidos acordonaron la zona y pidieron la intervenci\u00f3n del personal de la Fiscal\u00eda General del Estado.<\/p>\n","protected":false},"excerpt":{"rendered":"<p>Redacci\u00f3n\/Zona Roja.&nbsp; Oaxaca de Ju\u00e1rez, Oax., 28 de febrero de 2022.- Los hechos delictivos y&hellip;<\/p>\n","protected":false},"author":2,"featured_media":38178,"comment_status":"closed","ping_status":"open","sticky":false,"template":"","format":"standard","meta":{"_lmt_disableupdate":"","_lmt_disable":"","_jetpack_memberships_contains_paid_content":false,"footnotes":""},"categories":[109,47],"tags":[],"class_list":["post-38179","post","type-post","status-publish","format-standard","has-post-thumbnail","hentry","category-minuto-a-minuto","category-zona-gris"],"jetpack_featured_media_url":"https:\/\/zonaroja.com.mx\/wp-content\/uploads\/2022\/02\/50e7d815-3cb1-48cc-94bb-a38240d4b471.jpg","jetpack_sharing_enabled":true,"_links":{"self":[{"href":"https:\/\/zonaroja.com.mx\/index.php?rest_route=\/wp\/v2\/posts\/38179","targetHints":{"allow":["GET"]}}],"collection":[{"href":"https:\/\/zonaroja.com.mx\/index.php?rest_route=\/wp\/v2\/posts"}],"about":[{"href":"https:\/\/zonaroja.com.mx\/index.php?rest_route=\/wp\/v2\/types\/post"}],"author":[{"embeddable":true,"href":"https:\/\/zonaroja.com.mx\/index.php?rest_route=\/wp\/v2\/users\/2"}],"replies":[{"embeddable":true,"href":"https:\/\/zonaroja.com.mx\/index.php?rest_route=%2Fwp%2Fv2%2Fcomments&post=38179"}],"version-history":[{"count":1,"href":"https:\/\/zonaroja.com.mx\/index.php?rest_route=\/wp\/v2\/posts\/38179\/revisions"}],"predecessor-version":[{"id":38180,"href":"https:\/\/zonaroja.com.mx\/index.php?rest_route=\/wp\/v2\/posts\/38179\/revisions\/38180"}],"wp:featuredmedia":[{"embeddable":true,"href":"https:\/\/zonaroja.com.mx\/index.php?rest_route=\/wp\/v2\/media\/38178"}],"wp:attachment":[{"href":"https:\/\/zonaroja.com.mx\/index.php?rest_route=%2Fwp%2Fv2%2Fmedia&parent=38179"}],"wp:term":[{"taxonomy":"category","embeddable":true,"href":"https:\/\/zonaroja.com.mx\/index.php?rest_route=%2Fwp%2Fv2%2Fcategories&post=38179"},{"taxonomy":"post_tag","embeddable":true,"href":"https:\/\/zonaroja.com.mx\/index.php?rest_route=%2Fwp%2Fv2%2Ftags&post=38179"}],"curies":[{"name":"wp","href":"https:\/\/api.w.org\/{rel}","templated":true}]}}