{"id":38181,"date":"2022-02-28T17:02:41","date_gmt":"2022-02-28T23:02:41","guid":{"rendered":"http:\/\/www.zonaroja.com.mx\/?p=38181"},"modified":"2022-02-28T17:05:43","modified_gmt":"2022-02-28T23:05:43","slug":"imparable-violencia-arrebata-la-vida-a-25-mujeres-en-dos-meses-en-oaxaca","status":"publish","type":"post","link":"https:\/\/zonaroja.com.mx\/?p=38181","title":{"rendered":"En 2022, matan en Oaxaca a una mujer cada dos d\u00edas"},"content":{"rendered":"\n<p>Yuridiana Sosa\/ Zona Roja<\/p>\n\n\n\n<p>Oaxaca de Ju\u00e1rez, Oax., 28 de febrero de 2022.- Irma y Josefina son las m\u00e1s recientes v\u00edctimas de feminicidio en Oaxaca, donde en el transcurso de los dos primeros meses de 2022, la violencia se ha recrudecido contra las mujeres hasta con un 66 por ciento de m\u00e1s casos, en comparaci\u00f3n a bimestre del a\u00f1o pasado.<\/p>\n\n\n\n<p>El Centro de Documentaci\u00f3n del Grupo de Estudios sobre la mujer \u201cRosario Castellanos\u201d (GES Mujer) ha documentado que del 1 de enero al 27 de febrero, han ocurrido 25 feminicidios, para un total de 607 muertes en lo que va de la actual administraci\u00f3n de Alejandro Murat Hinojosa.<\/p>\n\n\n\n<p>El caso m\u00e1s reciente ocurri\u00f3 la noche de este domingo en el municipio de Chahuites, en la regi\u00f3n del Istmo de Tehuantepec, en la que se han registrado el 56 por ciento de los homicidios a mujeres este a\u00f1o.<\/p>\n\n\n\n<p>Irma L\u00f3pez, de 32 a\u00f1os de edad, muri\u00f3 ante el ataque armado de sujetos que ingresaron al local comercial donde se encontraba; as\u00ed como ella, otras 17 mujeres han sido asesinadas por disparos de armas, de acuerdo al reporte de GES Mujer.<\/p>\n\n\n\n<p>Horas antes le arrebataron la vida a Josefina Z. M., de 60 a\u00f1os de edad, en la localidad de Cerro Alto Tecuatl\u00e1n, del municipio de San Jos\u00e9 Tenango, en la regi\u00f3n Ca\u00f1ada.<\/p>\n\n\n\n<p>Los reportes periciales indicaron que la mujer de la tercera edad fue asesinada con un arma blanca, pero, adem\u00e1s le desfiguraron el rostro y le cortaron una mano.<\/p>\n\n\n\n<p>El jueves pasado, en Santa Mar\u00eda Mixtequilla, en la regi\u00f3n del Istmo, otra mujer tambi\u00e9n fue v\u00edctima de la violencia.<\/p>\n\n\n\n<p>Mientras que al menos tres m\u00e1s han sido lesionadas con disparos de armas de fuego durante ataques armados en los que han muerto otras siete personas han perdido la vida.<\/p>\n\n\n\n<p>Los hechos se han registrado en Santa Mar\u00eda Colotepec, municipio de la regi\u00f3n Costa y en Juchit\u00e1n de Zaragoza, ambos el pasado 27 de febrero, mientras que el viernes 25 de febrero, el ataque se registr\u00f3 en Miahuatl\u00e1n de Porfirio D\u00edaz, regi\u00f3n de la Sierra Sur, contra una pareja.<\/p>\n\n\n\n<p>El Grupo estudios sobre la mujer \u201cRosario Castellanos\u201d (GES Mujer) indic\u00f3 en su reporte m\u00e1s reciente que en enero de 2021 se registr\u00f3 un total de ocho feminicidios y en febrero siete, con un total al cierre de ese a\u00f1o de 87 hechos.<\/p>\n","protected":false},"excerpt":{"rendered":"<p>Yuridiana Sosa\/ Zona Roja Oaxaca de Ju\u00e1rez, Oax., 28 de febrero de 2022.- Irma y&hellip;<\/p>\n","protected":false},"author":2,"featured_media":17371,"comment_status":"closed","ping_status":"open","sticky":false,"template":"","format":"standard","meta":{"_lmt_disableupdate":"","_lmt_disable":"","_jetpack_memberships_contains_paid_content":false,"footnotes":""},"categories":[109,47],"tags":[610],"class_list":["post-38181","post","type-post","status-publish","format-standard","has-post-thumbnail","hentry","category-minuto-a-minuto","category-zona-gris","tag-feminicidios-oaxaca"],"jetpack_featured_media_url":"https:\/\/zonaroja.com.mx\/wp-content\/uploads\/2020\/09\/Violencia-mujeres-3.jpg","jetpack_sharing_enabled":true,"_links":{"self":[{"href":"https:\/\/zonaroja.com.mx\/index.php?rest_route=\/wp\/v2\/posts\/38181","targetHints":{"allow":["GET"]}}],"collection":[{"href":"https:\/\/zonaroja.com.mx\/index.php?rest_route=\/wp\/v2\/posts"}],"about":[{"href":"https:\/\/zonaroja.com.mx\/index.php?rest_route=\/wp\/v2\/types\/post"}],"author":[{"embeddable":true,"href":"https:\/\/zonaroja.com.mx\/index.php?rest_route=\/wp\/v2\/users\/2"}],"replies":[{"embeddable":true,"href":"https:\/\/zonaroja.com.mx\/index.php?rest_route=%2Fwp%2Fv2%2Fcomments&post=38181"}],"version-history":[{"count":2,"href":"https:\/\/zonaroja.com.mx\/index.php?rest_route=\/wp\/v2\/posts\/38181\/revisions"}],"predecessor-version":[{"id":38183,"href":"https:\/\/zonaroja.com.mx\/index.php?rest_route=\/wp\/v2\/posts\/38181\/revisions\/38183"}],"wp:featuredmedia":[{"embeddable":true,"href":"https:\/\/zonaroja.com.mx\/index.php?rest_route=\/wp\/v2\/media\/17371"}],"wp:attachment":[{"href":"https:\/\/zonaroja.com.mx\/index.php?rest_route=%2Fwp%2Fv2%2Fmedia&parent=38181"}],"wp:term":[{"taxonomy":"category","embeddable":true,"href":"https:\/\/zonaroja.com.mx\/index.php?rest_route=%2Fwp%2Fv2%2Fcategories&post=38181"},{"taxonomy":"post_tag","embeddable":true,"href":"https:\/\/zonaroja.com.mx\/index.php?rest_route=%2Fwp%2Fv2%2Ftags&post=38181"}],"curies":[{"name":"wp","href":"https:\/\/api.w.org\/{rel}","templated":true}]}}