{"id":38184,"date":"2022-02-28T17:32:17","date_gmt":"2022-02-28T23:32:17","guid":{"rendered":"http:\/\/www.zonaroja.com.mx\/?p=38184"},"modified":"2022-02-28T17:32:18","modified_gmt":"2022-02-28T23:32:18","slug":"se-suma-tribunal-electoral-a-condena-por-ataque-a-instalaciones-del-ieepco","status":"publish","type":"post","link":"https:\/\/zonaroja.com.mx\/?p=38184","title":{"rendered":"Se suma Tribunal Electoral a condena por ataque a instalaciones del IEEPCO"},"content":{"rendered":"\n<p>Redacci\u00f3n\/Zona Roja.<\/p>\n\n\n\n<p>Oaxaca de Ju\u00e1rez, Oax., a 28 de febrero de 2022.- La magistrada presidenta del Tribunal Electoral del Estado de Oaxaca (TEEO), Elizabeth Bautista Velasco, conden\u00f3 el ataque perpetrado, la madrugada de este lunes, a las instalaciones del Instituto Estatal Electoral y de Participaci\u00f3n Ciudadana de Oaxaca (IEEPCO).<\/p>\n\n\n\n<p>Afirm\u00f3 que la violencia nunca es la v\u00eda para dirimir las diferencias y\/o expresar las inconformidades.<\/p>\n\n\n\n<p>Bautista Velasco record\u00f3 que en Oaxaca existe un marco normativo que da cauce, por la v\u00eda legal e institucional, a las diferentes problem\u00e1ticas que pudieran presentarse en los procesos electorales.<\/p>\n\n\n\n<p>En este sentido, conmin\u00f3 a quienes sientan afectados sus derechos pol\u00edtico electorales a recurrir a las instituciones de forma pac\u00edfica, privilegiando el di\u00e1logo en la soluci\u00f3n de los conflictos.<\/p>\n\n\n\n<p>La magistrada presidenta del TEEO conden\u00f3 este tipo de acciones violentas, que tiene la intenci\u00f3n de frenar los procesos democr\u00e1ticos en el Estado, al mismo tiempo que conf\u00edo en la investigaci\u00f3n que las autoridades en la materia realicen, para dar con el o los responsables.<\/p>\n","protected":false},"excerpt":{"rendered":"<p>Redacci\u00f3n\/Zona Roja. Oaxaca de Ju\u00e1rez, Oax., a 28 de febrero de 2022.- La magistrada presidenta&hellip;<\/p>\n","protected":false},"author":2,"featured_media":38185,"comment_status":"closed","ping_status":"open","sticky":false,"template":"","format":"standard","meta":{"_lmt_disableupdate":"","_lmt_disable":"","_jetpack_memberships_contains_paid_content":false,"footnotes":""},"categories":[109,46],"tags":[2235],"class_list":["post-38184","post","type-post","status-publish","format-standard","has-post-thumbnail","hentry","category-minuto-a-minuto","category-zona-blanca","tag-tribunal-electoral-del-estado-de-oaxaca-teeo"],"jetpack_featured_media_url":"https:\/\/zonaroja.com.mx\/wp-content\/uploads\/2022\/02\/Incendio-sede-del-IEEPCO.jpg","jetpack_sharing_enabled":true,"_links":{"self":[{"href":"https:\/\/zonaroja.com.mx\/index.php?rest_route=\/wp\/v2\/posts\/38184","targetHints":{"allow":["GET"]}}],"collection":[{"href":"https:\/\/zonaroja.com.mx\/index.php?rest_route=\/wp\/v2\/posts"}],"about":[{"href":"https:\/\/zonaroja.com.mx\/index.php?rest_route=\/wp\/v2\/types\/post"}],"author":[{"embeddable":true,"href":"https:\/\/zonaroja.com.mx\/index.php?rest_route=\/wp\/v2\/users\/2"}],"replies":[{"embeddable":true,"href":"https:\/\/zonaroja.com.mx\/index.php?rest_route=%2Fwp%2Fv2%2Fcomments&post=38184"}],"version-history":[{"count":1,"href":"https:\/\/zonaroja.com.mx\/index.php?rest_route=\/wp\/v2\/posts\/38184\/revisions"}],"predecessor-version":[{"id":38186,"href":"https:\/\/zonaroja.com.mx\/index.php?rest_route=\/wp\/v2\/posts\/38184\/revisions\/38186"}],"wp:featuredmedia":[{"embeddable":true,"href":"https:\/\/zonaroja.com.mx\/index.php?rest_route=\/wp\/v2\/media\/38185"}],"wp:attachment":[{"href":"https:\/\/zonaroja.com.mx\/index.php?rest_route=%2Fwp%2Fv2%2Fmedia&parent=38184"}],"wp:term":[{"taxonomy":"category","embeddable":true,"href":"https:\/\/zonaroja.com.mx\/index.php?rest_route=%2Fwp%2Fv2%2Fcategories&post=38184"},{"taxonomy":"post_tag","embeddable":true,"href":"https:\/\/zonaroja.com.mx\/index.php?rest_route=%2Fwp%2Fv2%2Ftags&post=38184"}],"curies":[{"name":"wp","href":"https:\/\/api.w.org\/{rel}","templated":true}]}}