{"id":38187,"date":"2022-02-28T17:38:40","date_gmt":"2022-02-28T23:38:40","guid":{"rendered":"http:\/\/www.zonaroja.com.mx\/?p=38187"},"modified":"2022-02-28T17:38:41","modified_gmt":"2022-02-28T23:38:41","slug":"presenta-el-pvem-a-marcelo-ruiz-como-delegado-especial-en-oaxaca","status":"publish","type":"post","link":"https:\/\/zonaroja.com.mx\/?p=38187","title":{"rendered":"Presenta el PVEM a Marcelo Ruiz como delegado especial en Oaxaca"},"content":{"rendered":"\n<p>Yuridiana Sosa\/Zona Roja.<\/p>\n\n\n\n<p>Oaxaca de Ju\u00e1rez, Oax., 28 de febrero de 2022.- Como parte del proceso electoral para la gubernatura de Oaxaca, el Comit\u00e9 Ejecutivo Nacional del Partido Verde Ecologista de M\u00e9xico (PVEM) design\u00f3 a Marcelo Ruiz como delegado especial para los comicios en la entidad.&nbsp;<\/p>\n\n\n\n<p>El representante del Partido Verde para este proceso fue presentado en conferencia de prensa la ma\u00f1ana de este lunes por el senador Ra\u00fal Bola\u00f1os Cacho Cu\u00e9, quien tambi\u00e9n es secretario de Elecciones del Comit\u00e9 Nacional.&nbsp;<\/p>\n\n\n\n<p>Bola\u00f1os Cacho indic\u00f3 que el nombramiento de Marcelo Ruiz, como el de otros delegados, forma parte de una estrategia electoral nacional que el partido implementa en las seis entidades que este a\u00f1o enfrentan el proceso de renovaci\u00f3n de la gubernatura.<\/p>\n\n\n\n<figure class=\"wp-block-embed is-type-rich is-provider-twitter wp-block-embed-twitter\"><div class=\"wp-block-embed__wrapper\">\n<div class=\"twitter-tweet\"><blockquote class=\"twitter-tweet\" data-lang=\"es\"><p lang=\"es\" dir=\"ltr\"><a href=\"https:\/\/twitter.com\/hashtag\/ENVIVO?src=hash&amp;ref_src=twsrc%5Etfw\">#ENVIVO<\/a><br>Oaxaca de Ju\u00e1rez, Oax., 28 de febrero de 2022.- Conferencia de prensa del Partido Verde Ecologista de Oaxaca (<a href=\"https:\/\/twitter.com\/partidoverde_oa?ref_src=twsrc%5Etfw\">@partidoverde_oa<\/a>), para presentar al delegado nacional, Marcelo Ruiz, con la presencia del senador <a href=\"https:\/\/twitter.com\/RaulBCCue?ref_src=twsrc%5Etfw\">@RaulBCCue<\/a>. <br><br>Transmisi\u00f3n: \ud83d\udc47<a href=\"https:\/\/t.co\/66xYTkCVQT\">https:\/\/t.co\/66xYTkCVQT<\/a> <a href=\"https:\/\/t.co\/VkJuvlWhYc\">pic.twitter.com\/VkJuvlWhYc<\/a><\/p>&mdash; Zona Roja Oaxaca (@ZonaRoja_Oaxaca) <a href=\"https:\/\/twitter.com\/ZonaRoja_Oaxaca\/status\/1498355479747219458?ref_src=twsrc%5Etfw\">28 de febrero de 2022<\/a><\/blockquote><\/div>\n<\/div><\/figure>\n\n\n\n<p>En Oaxaca, el delegado especial tiene el objetivo de fungir como un enlace con el Comit\u00e9 Ejecutivo Nacional y de quien no dudan que fortalecer\u00e1 los trabajos del partido para ofrecer resultados favorables.<\/p>\n\n\n\n<p>Por su parte, Marcelo Ruiz, quien ha sido tambi\u00e9n dirigente del Partido Verde en Veracruz, apunt\u00f3 que su meta es fortalecer la autonom\u00eda del PVEM en Oaxaca para que su participaci\u00f3n sea contundente en este proceso en el cual van en alianza.<\/p>\n\n\n\n<p>El Verde Ecologista, dijo, \u201ces un partido que no va hacer grilla, la grilla es la ant\u00edtesis de la pol\u00edtica, es la que destruye acuerdos y credibilidad\u201d, expres\u00f3 el enlace ante los medios, diputados locales y autoridades municipales de este partido.<\/p>\n","protected":false},"excerpt":{"rendered":"<p>Yuridiana Sosa\/Zona Roja. Oaxaca de Ju\u00e1rez, Oax., 28 de febrero de 2022.- Como parte del&hellip;<\/p>\n","protected":false},"author":2,"featured_media":38188,"comment_status":"closed","ping_status":"open","sticky":false,"template":"","format":"standard","meta":{"_lmt_disableupdate":"","_lmt_disable":"","_jetpack_memberships_contains_paid_content":false,"footnotes":""},"categories":[109,47],"tags":[1338],"class_list":["post-38187","post","type-post","status-publish","format-standard","has-post-thumbnail","hentry","category-minuto-a-minuto","category-zona-gris","tag-raul-bolanos-cacho-cue"],"jetpack_featured_media_url":"https:\/\/zonaroja.com.mx\/wp-content\/uploads\/2022\/02\/Conferencia-PVEM-senador-Raul-Bolanos.jpg","jetpack_sharing_enabled":true,"_links":{"self":[{"href":"https:\/\/zonaroja.com.mx\/index.php?rest_route=\/wp\/v2\/posts\/38187","targetHints":{"allow":["GET"]}}],"collection":[{"href":"https:\/\/zonaroja.com.mx\/index.php?rest_route=\/wp\/v2\/posts"}],"about":[{"href":"https:\/\/zonaroja.com.mx\/index.php?rest_route=\/wp\/v2\/types\/post"}],"author":[{"embeddable":true,"href":"https:\/\/zonaroja.com.mx\/index.php?rest_route=\/wp\/v2\/users\/2"}],"replies":[{"embeddable":true,"href":"https:\/\/zonaroja.com.mx\/index.php?rest_route=%2Fwp%2Fv2%2Fcomments&post=38187"}],"version-history":[{"count":1,"href":"https:\/\/zonaroja.com.mx\/index.php?rest_route=\/wp\/v2\/posts\/38187\/revisions"}],"predecessor-version":[{"id":38189,"href":"https:\/\/zonaroja.com.mx\/index.php?rest_route=\/wp\/v2\/posts\/38187\/revisions\/38189"}],"wp:featuredmedia":[{"embeddable":true,"href":"https:\/\/zonaroja.com.mx\/index.php?rest_route=\/wp\/v2\/media\/38188"}],"wp:attachment":[{"href":"https:\/\/zonaroja.com.mx\/index.php?rest_route=%2Fwp%2Fv2%2Fmedia&parent=38187"}],"wp:term":[{"taxonomy":"category","embeddable":true,"href":"https:\/\/zonaroja.com.mx\/index.php?rest_route=%2Fwp%2Fv2%2Fcategories&post=38187"},{"taxonomy":"post_tag","embeddable":true,"href":"https:\/\/zonaroja.com.mx\/index.php?rest_route=%2Fwp%2Fv2%2Ftags&post=38187"}],"curies":[{"name":"wp","href":"https:\/\/api.w.org\/{rel}","templated":true}]}}