{"id":3819,"date":"2019-09-09T22:44:02","date_gmt":"2019-09-10T03:44:02","guid":{"rendered":"http:\/\/www.zonaroja.com.mx\/?p=3819"},"modified":"2019-09-09T22:44:05","modified_gmt":"2019-09-10T03:44:05","slug":"tras-histeria-colectiva-rechaza-gobierno-que-haya-suspension-de-clases-en-tuxtepec","status":"publish","type":"post","link":"https:\/\/zonaroja.com.mx\/?p=3819","title":{"rendered":"Tras histeria colectiva, rechaza gobierno que haya suspensi\u00f3n de clases en Tuxtepec"},"content":{"rendered":"\n<p>Redacci\u00f3n\/Zona\nRoja.<\/p>\n\n\n\n<p>Ciudad de\nOaxaca, Oax., 9 de septiembre de 2019.- Tras la difusi\u00f3n en redes sociales de\namenazas presuntamente del crimen organizado de efectuar ataques violentos, el\ngobierno de Oaxaca neg\u00f3 que haya suspensi\u00f3n oficial de actividades educativas\nen Tuxtepec.<\/p>\n\n\n\n<p>En un\ncomunicado, a trav\u00e9s del Instituto Estatal de Educaci\u00f3n P\u00fablica de Oaxaca\n(IEEPO) inform\u00f3 a la comunidad escolar, padres y madres de familia, que las\nclases se deber\u00e1n realizar de manera habitual.<\/p>\n\n\n\n<p>El organismo\nestatal exhort\u00f3 a que se mantengan informados a trav\u00e9s de los medios oficiales\ne institucionales correspondientes, lo anterior con el fin de evitar\nespeculaciones que pongan en riesgo las actividades educativas.<\/p>\n\n\n\n<p>\u201cPor lo\nanterior, el Gobierno del Estado reitera el trabajo contin\u00fao en materia de seguridad\na fin de privilegiar la seguridad de escolares, padres, madres de familia y\npersonal docente de las instituciones de toda la entidad\u201d, expuso.<\/p>\n\n\n\n<p>En tanto, la\nSecretar\u00eda de Seguridad P\u00fablica expuso, por separado, que mantiene sus\noperativos de vigilancia y disuasi\u00f3n.<\/p>\n","protected":false},"excerpt":{"rendered":"<p>Redacci\u00f3n\/Zona Roja. Ciudad de Oaxaca, Oax., 9 de septiembre de 2019.- Tras la difusi\u00f3n en&hellip;<\/p>\n","protected":false},"author":2,"featured_media":3820,"comment_status":"closed","ping_status":"open","sticky":false,"template":"","format":"standard","meta":{"_lmt_disableupdate":"","_lmt_disable":"","_jetpack_memberships_contains_paid_content":false,"footnotes":""},"categories":[109,47],"tags":[118],"class_list":["post-3819","post","type-post","status-publish","format-standard","has-post-thumbnail","hentry","category-minuto-a-minuto","category-zona-gris","tag-san-juan-bautista-tuxtepec"],"jetpack_featured_media_url":"https:\/\/zonaroja.com.mx\/wp-content\/uploads\/2019\/09\/2010ff7f-1053-475f-b29b-542dde3e06dd.jpg","jetpack_sharing_enabled":true,"_links":{"self":[{"href":"https:\/\/zonaroja.com.mx\/index.php?rest_route=\/wp\/v2\/posts\/3819","targetHints":{"allow":["GET"]}}],"collection":[{"href":"https:\/\/zonaroja.com.mx\/index.php?rest_route=\/wp\/v2\/posts"}],"about":[{"href":"https:\/\/zonaroja.com.mx\/index.php?rest_route=\/wp\/v2\/types\/post"}],"author":[{"embeddable":true,"href":"https:\/\/zonaroja.com.mx\/index.php?rest_route=\/wp\/v2\/users\/2"}],"replies":[{"embeddable":true,"href":"https:\/\/zonaroja.com.mx\/index.php?rest_route=%2Fwp%2Fv2%2Fcomments&post=3819"}],"version-history":[{"count":1,"href":"https:\/\/zonaroja.com.mx\/index.php?rest_route=\/wp\/v2\/posts\/3819\/revisions"}],"predecessor-version":[{"id":3821,"href":"https:\/\/zonaroja.com.mx\/index.php?rest_route=\/wp\/v2\/posts\/3819\/revisions\/3821"}],"wp:featuredmedia":[{"embeddable":true,"href":"https:\/\/zonaroja.com.mx\/index.php?rest_route=\/wp\/v2\/media\/3820"}],"wp:attachment":[{"href":"https:\/\/zonaroja.com.mx\/index.php?rest_route=%2Fwp%2Fv2%2Fmedia&parent=3819"}],"wp:term":[{"taxonomy":"category","embeddable":true,"href":"https:\/\/zonaroja.com.mx\/index.php?rest_route=%2Fwp%2Fv2%2Fcategories&post=3819"},{"taxonomy":"post_tag","embeddable":true,"href":"https:\/\/zonaroja.com.mx\/index.php?rest_route=%2Fwp%2Fv2%2Ftags&post=3819"}],"curies":[{"name":"wp","href":"https:\/\/api.w.org\/{rel}","templated":true}]}}