{"id":38190,"date":"2022-02-28T18:23:23","date_gmt":"2022-03-01T00:23:23","guid":{"rendered":"http:\/\/www.zonaroja.com.mx\/?p=38190"},"modified":"2022-02-28T18:23:24","modified_gmt":"2022-03-01T00:23:24","slug":"consulado-en-phonix-exige-justicia-por-asesinato-de-tres-oaxaquenos","status":"publish","type":"post","link":"https:\/\/zonaroja.com.mx\/?p=38190","title":{"rendered":"Consulado en Phonix exige justicia por asesinato de tres oaxaque\u00f1os"},"content":{"rendered":"\n<p>Redacci\u00f3n\/Zona Roja.<\/p>\n\n\n\n<p>Oaxaca de Ju\u00e1rez, Max., 28 de marzo de 2022.- El Consulado General de Phonix, Arizona, exigi\u00f3 una investigaci\u00f3n \u00e1gil y expedita que permita aclarar las circunstancias en que fueron asesinados tres oaxaque\u00f1os en dicha ciudad de los Estados Unidos de Norteam\u00e9rica.<\/p>\n\n\n\n<p>Los j\u00f3venes fueron ultimados de manera violenta el pasado 20 de febrero pero fue hasta este fin de semana en que se conoci\u00f3 el caso del triple homicidio de los originarios del municipio de Santo Domingo Tepuxtepec, en la regi\u00f3n Sierra Norte de Oaxaca.<\/p>\n\n\n\n<p>\u00abLa representaci\u00f3n consular mantiene comunicaci\u00f3n con las familias de los tres fallecidos a fin de brindarles la asistencia consular necesaria, incluyendo el debido acompa\u00f1amiento para la eventual repatriaci\u00f3n de los cuerpos.<\/p>\n\n\n\n<p>\u00abEl Consulado General envi\u00f3 una misiva a la Jefa de Polic\u00eda de Phoenix exigiendo una investigaci\u00f3n amplia y expedita que permita aclarar las circunstancias en las que ocurrieron los hechos y se haga justicia por lo sucedido\u00bb, expuso en un comunicado.<\/p>\n\n\n\n<p>A\u00f1adi\u00f3 que el gobierno de M\u00e9xico, por conducto del Consulado General, condena en\u00e9rgicamente los hechos antes descritos y conf\u00eda en que las autoridades policiales localizar\u00e1n a la o las personas responsables para que sean llevadas ante la justicia y sean castigadas conforme a derecho.<\/p>\n\n\n\n<p>Por su parte, la directora del Instituto Oaxaque\u00f1o de Atenci\u00f3n al Migrante (IOAM), A\u00edda Ruiz Garc\u00eda, dio a conocer que solicit\u00f3 a la Secretar\u00eda de Relaciones Exteriores brinde el apoyo consular necesario a los familiares.<\/p>\n\n\n\n<p>En un comunicado, pidi\u00f3 a las autoridades continuar con las investigaciones a fin de dar con los responsables de estos acontecimientos.<\/p>\n","protected":false},"excerpt":{"rendered":"<p>Redacci\u00f3n\/Zona Roja. Oaxaca de Ju\u00e1rez, Max., 28 de marzo de 2022.- El Consulado General de&hellip;<\/p>\n","protected":false},"author":2,"featured_media":38191,"comment_status":"closed","ping_status":"open","sticky":false,"template":"","format":"standard","meta":{"_lmt_disableupdate":"","_lmt_disable":"","_jetpack_memberships_contains_paid_content":false,"footnotes":""},"categories":[109,47],"tags":[3049],"class_list":["post-38190","post","type-post","status-publish","format-standard","has-post-thumbnail","hentry","category-minuto-a-minuto","category-zona-gris","tag-santo-domingo-tepuxtepec"],"jetpack_featured_media_url":"https:\/\/zonaroja.com.mx\/wp-content\/uploads\/2022\/02\/Consulado-Phoenix-caso-oaxaquenos.jpg","jetpack_sharing_enabled":true,"_links":{"self":[{"href":"https:\/\/zonaroja.com.mx\/index.php?rest_route=\/wp\/v2\/posts\/38190","targetHints":{"allow":["GET"]}}],"collection":[{"href":"https:\/\/zonaroja.com.mx\/index.php?rest_route=\/wp\/v2\/posts"}],"about":[{"href":"https:\/\/zonaroja.com.mx\/index.php?rest_route=\/wp\/v2\/types\/post"}],"author":[{"embeddable":true,"href":"https:\/\/zonaroja.com.mx\/index.php?rest_route=\/wp\/v2\/users\/2"}],"replies":[{"embeddable":true,"href":"https:\/\/zonaroja.com.mx\/index.php?rest_route=%2Fwp%2Fv2%2Fcomments&post=38190"}],"version-history":[{"count":1,"href":"https:\/\/zonaroja.com.mx\/index.php?rest_route=\/wp\/v2\/posts\/38190\/revisions"}],"predecessor-version":[{"id":38192,"href":"https:\/\/zonaroja.com.mx\/index.php?rest_route=\/wp\/v2\/posts\/38190\/revisions\/38192"}],"wp:featuredmedia":[{"embeddable":true,"href":"https:\/\/zonaroja.com.mx\/index.php?rest_route=\/wp\/v2\/media\/38191"}],"wp:attachment":[{"href":"https:\/\/zonaroja.com.mx\/index.php?rest_route=%2Fwp%2Fv2%2Fmedia&parent=38190"}],"wp:term":[{"taxonomy":"category","embeddable":true,"href":"https:\/\/zonaroja.com.mx\/index.php?rest_route=%2Fwp%2Fv2%2Fcategories&post=38190"},{"taxonomy":"post_tag","embeddable":true,"href":"https:\/\/zonaroja.com.mx\/index.php?rest_route=%2Fwp%2Fv2%2Ftags&post=38190"}],"curies":[{"name":"wp","href":"https:\/\/api.w.org\/{rel}","templated":true}]}}