{"id":38193,"date":"2022-02-28T20:25:04","date_gmt":"2022-03-01T02:25:04","guid":{"rendered":"http:\/\/www.zonaroja.com.mx\/?p=38193"},"modified":"2022-02-28T20:25:07","modified_gmt":"2022-03-01T02:25:07","slug":"tambien-la-ddhpo-reprueba-ataque-a-sede-del-ieepco-expresa-solidaridad","status":"publish","type":"post","link":"https:\/\/zonaroja.com.mx\/?p=38193","title":{"rendered":"Tambi\u00e9n la DDHPO reprueba ataque a sede del IEEPCO; expresa solidaridad"},"content":{"rendered":"\n<p>Redacci\u00f3n\/Zona Roja.<\/p>\n\n\n\n<p>Oaxaca de Ju\u00e1rez, Oax., 28 de febrero de 2002.- La Defensor\u00eda de los Derechos Humanos del Pueblo de Oaxaca (DDHPO) conden\u00f3 el ataque cometido contra una de las sedes del Instituto Estatal Electoral y de Participaci\u00f3n Ciudadana de Oaxaca (IEEPCO).&nbsp;<\/p>\n\n\n\n<p>Y manifest\u00f3 su solidaridad para con las personas integrantes del Consejo General, as\u00ed como quienes laboran en el IEEPCO, puesto que resulta preocupante que ante la cercan\u00eda del proceso electoral extraordinario que se llevar\u00e1 a cabo en siete municipios y el distrito de Acatl\u00e1n de P\u00e9rez Figueroa, as\u00ed como el proceso ordinario en el que las y los ciudadanos oaxaque\u00f1os elegir\u00e1n a la persona titular del Poder Ejecutivo, se registre un conato de incendio provocado por personas desconocidas.&nbsp;<\/p>\n\n\n\n<p>En este contexto, la Defensor\u00eda solicit\u00f3 a la Fiscal\u00eda General de Justicia del Estado investigar los acontecimientos y garantizar el acceso a la justicia, para evitar la impunidad y la repetici\u00f3n de estos actos.&nbsp;<\/p>\n\n\n\n<p>Asimismo, llam\u00f3 a todos los niveles de gobierno a garantizar las condiciones adecuadas en el contexto electoral, entre ellas, las de seguridad para evitar que actos de violencia e inseguridad enrarezcan el proceso.&nbsp;<\/p>\n\n\n\n<p>Tambi\u00e9n, la DDHPO advirti\u00f3 la existencia de condiciones que pudiesen incrementar los riesgos para el ejercicio de derechos de las personas defensoras de derechos humanos y periodistas, por lo que es indispensable establecer acciones preventivas. &nbsp;<\/p>\n\n\n\n<p>El \u00f3rgano aut\u00f3nomo afirm\u00f3 que son fundamentales los espacios para la construcci\u00f3n de paz social, pues un clima de violencia, adem\u00e1s de atentar contra personas en particular, afecta el tejido social y limita el debate libre y abierto, necesario en cualquier proceso electoral.&nbsp;<\/p>\n\n\n\n<p>La Defensor\u00eda se\u00f1al\u00f3 que el \u00faltimo proceso electoral en M\u00e9xico fue uno de los m\u00e1s complejos en la historia del pa\u00eds, ya que, de acuerdo con el \u201cSexto Informe de Violencia Pol\u00edtica en M\u00e9xico 2021\u201d de la consultora Etellekt, se documentaron 91 asesinatos de personas pol\u00edticas y miembros de partidos, entre las cuales 36 se postularon como candidatas y candidatos a alg\u00fan puesto de elecci\u00f3n popular.&nbsp;<\/p>\n\n\n\n<p>El organismo defensor afirm\u00f3 que, desde el \u00e1mbito local es prioritaria la prevenci\u00f3n, es decir, que, desde los propios municipios, se identifiquen los actos que pudieran incrementar la conflictividad social en el estado, ya que son estos espacios en donde se suele formar la cultura democr\u00e1tica en la mente de las personas, y donde estas experimentan diariamente los resultados de sus decisiones pol\u00edticas. \u00a0<\/p>\n\n\n\n<p>(Comunicado)<\/p>\n","protected":false},"excerpt":{"rendered":"<p>Redacci\u00f3n\/Zona Roja. Oaxaca de Ju\u00e1rez, Oax., 28 de febrero de 2002.- La Defensor\u00eda de los&hellip;<\/p>\n","protected":false},"author":2,"featured_media":38194,"comment_status":"closed","ping_status":"open","sticky":false,"template":"","format":"standard","meta":{"_lmt_disableupdate":"","_lmt_disable":"","_jetpack_memberships_contains_paid_content":false,"footnotes":""},"categories":[109,47],"tags":[287],"class_list":["post-38193","post","type-post","status-publish","format-standard","has-post-thumbnail","hentry","category-minuto-a-minuto","category-zona-gris","tag-ddhpo"],"jetpack_featured_media_url":"https:\/\/zonaroja.com.mx\/wp-content\/uploads\/2022\/02\/Atentado-incendio-oficinas-IEEPCO.jpg","jetpack_sharing_enabled":true,"_links":{"self":[{"href":"https:\/\/zonaroja.com.mx\/index.php?rest_route=\/wp\/v2\/posts\/38193","targetHints":{"allow":["GET"]}}],"collection":[{"href":"https:\/\/zonaroja.com.mx\/index.php?rest_route=\/wp\/v2\/posts"}],"about":[{"href":"https:\/\/zonaroja.com.mx\/index.php?rest_route=\/wp\/v2\/types\/post"}],"author":[{"embeddable":true,"href":"https:\/\/zonaroja.com.mx\/index.php?rest_route=\/wp\/v2\/users\/2"}],"replies":[{"embeddable":true,"href":"https:\/\/zonaroja.com.mx\/index.php?rest_route=%2Fwp%2Fv2%2Fcomments&post=38193"}],"version-history":[{"count":1,"href":"https:\/\/zonaroja.com.mx\/index.php?rest_route=\/wp\/v2\/posts\/38193\/revisions"}],"predecessor-version":[{"id":38195,"href":"https:\/\/zonaroja.com.mx\/index.php?rest_route=\/wp\/v2\/posts\/38193\/revisions\/38195"}],"wp:featuredmedia":[{"embeddable":true,"href":"https:\/\/zonaroja.com.mx\/index.php?rest_route=\/wp\/v2\/media\/38194"}],"wp:attachment":[{"href":"https:\/\/zonaroja.com.mx\/index.php?rest_route=%2Fwp%2Fv2%2Fmedia&parent=38193"}],"wp:term":[{"taxonomy":"category","embeddable":true,"href":"https:\/\/zonaroja.com.mx\/index.php?rest_route=%2Fwp%2Fv2%2Fcategories&post=38193"},{"taxonomy":"post_tag","embeddable":true,"href":"https:\/\/zonaroja.com.mx\/index.php?rest_route=%2Fwp%2Fv2%2Ftags&post=38193"}],"curies":[{"name":"wp","href":"https:\/\/api.w.org\/{rel}","templated":true}]}}